{"id":62475,"date":"2019-10-22T18:31:06","date_gmt":"2019-10-22T21:31:06","guid":{"rendered":"https:\/\/eldiariodesanpedro.com.ar\/sitio\/?p=62475"},"modified":"2019-10-22T18:31:10","modified_gmt":"2019-10-22T21:31:10","slug":"el-centro-de-comercio-recuerda-las-actividades-prohibidas-para-las-proximas-elecciones","status":"publish","type":"post","link":"https:\/\/eldiariodesanpedro.com.ar\/sitio\/el-centro-de-comercio-recuerda-las-actividades-prohibidas-para-las-proximas-elecciones\/","title":{"rendered":"El Centro de Comercio recuerda las actividades prohibidas para las pr\u00f3ximas elecciones"},"content":{"rendered":"<!-- VideographyWP Plugin Message: Automatic video embedding prevented by plugin options. -->\n\n<p>El Centro de Comercio de San Pedro recuerda los alcances de la legislaci\u00f3n electoral para las actividades comerciales. El art\u00edculo 71 incluye los siguientes incisos como actividades prohibidas:<\/p>\n\n\n\n<p><strong>b)<\/strong>&nbsp;Los espect\u00e1culos populares al aire libre o en recintos cerrados, fiestas teatrales, deportivas y toda clase de reuniones p\u00fablicas que no se refieran al acto electoral, durante su desarrollo y hasta pasadas tres horas de ser clausurado.<\/p>\n\n\n\n<p><strong>c)<\/strong>&nbsp;Tener abiertas las casas destinadas al expendio de cualquier clase de bebidas alcoh\u00f3licas hasta transcurridas tres horas del cierre del comicio.<\/p>\n\n\n\n<p>Los comercios dedicados a la venta de productos alimenticios podr\u00e1n funcionar pero no podr\u00e1n vender ni exhibir bebidas alcoh\u00f3licas hasta pasadas tres horas del cierre de los comicios.<\/p>\n\n\n\n<p>Si, en cambio se pueden realizar reuniones peque\u00f1as o familiares, cumplea\u00f1os, actividades recreativas de paseo, compras en supermercados y comer en restaurantes y confiter\u00edas que no podr\u00e1n vender bebidas alcoh\u00f3licas.<\/p>\n","protected":false},"excerpt":{"rendered":"<p>El Centro de Comercio de San Pedro recuerda los alcances de la legislaci\u00f3n electoral para las actividades comerciales. El art\u00edculo 71 incluye los siguientes incisos como actividades prohibidas: b)&nbsp;Los espect\u00e1culos populares al aire libre o en recintos cerrados, fiestas teatrales, deportivas y toda clase de reuniones p\u00fablicas que no se refieran al acto electoral, durante [&hellip;]<\/p>\n","protected":false},"author":4,"featured_media":62345,"comment_status":"open","ping_status":"closed","sticky":false,"template":"","format":"standard","meta":{"om_disable_all_campaigns":false,"_jetpack_memberships_contains_paid_content":false,"footnotes":""},"categories":[50,101,2],"tags":[],"class_list":["post-62475","post","type-post","status-publish","format-standard","has-post-thumbnail","hentry","category-destacadas","category-interes-general-locales","category-locales"],"aioseo_notices":[],"gutentor_comment":0,"jetpack_featured_media_url":"https:\/\/eldiariodesanpedro.com.ar\/sitio\/wp-content\/uploads\/2019\/10\/san-pedro-buenos-aires-3936049418-L.jpg","jetpack_shortlink":"https:\/\/wp.me\/p6RhLt-gfF","jetpack_sharing_enabled":true,"_links":{"self":[{"href":"https:\/\/eldiariodesanpedro.com.ar\/sitio\/wp-json\/wp\/v2\/posts\/62475","targetHints":{"allow":["GET"]}}],"collection":[{"href":"https:\/\/eldiariodesanpedro.com.ar\/sitio\/wp-json\/wp\/v2\/posts"}],"about":[{"href":"https:\/\/eldiariodesanpedro.com.ar\/sitio\/wp-json\/wp\/v2\/types\/post"}],"author":[{"embeddable":true,"href":"https:\/\/eldiariodesanpedro.com.ar\/sitio\/wp-json\/wp\/v2\/users\/4"}],"replies":[{"embeddable":true,"href":"https:\/\/eldiariodesanpedro.com.ar\/sitio\/wp-json\/wp\/v2\/comments?post=62475"}],"version-history":[{"count":1,"href":"https:\/\/eldiariodesanpedro.com.ar\/sitio\/wp-json\/wp\/v2\/posts\/62475\/revisions"}],"predecessor-version":[{"id":62476,"href":"https:\/\/eldiariodesanpedro.com.ar\/sitio\/wp-json\/wp\/v2\/posts\/62475\/revisions\/62476"}],"wp:featuredmedia":[{"embeddable":true,"href":"https:\/\/eldiariodesanpedro.com.ar\/sitio\/wp-json\/wp\/v2\/media\/62345"}],"wp:attachment":[{"href":"https:\/\/eldiariodesanpedro.com.ar\/sitio\/wp-json\/wp\/v2\/media?parent=62475"}],"wp:term":[{"taxonomy":"category","embeddable":true,"href":"https:\/\/eldiariodesanpedro.com.ar\/sitio\/wp-json\/wp\/v2\/categories?post=62475"},{"taxonomy":"post_tag","embeddable":true,"href":"https:\/\/eldiariodesanpedro.com.ar\/sitio\/wp-json\/wp\/v2\/tags?post=62475"}],"curies":[{"name":"wp","href":"https:\/\/api.w.org\/{rel}","templated":true}]}}