{"id":62470,"date":"2019-10-22T17:04:17","date_gmt":"2019-10-22T20:04:17","guid":{"rendered":"https:\/\/eldiariodesanpedro.com.ar\/sitio\/?p=62470"},"modified":"2019-10-22T17:04:21","modified_gmt":"2019-10-22T20:04:21","slug":"santa-lucia-corte-de-energia-programado-para-manana","status":"publish","type":"post","link":"https:\/\/eldiariodesanpedro.com.ar\/sitio\/santa-lucia-corte-de-energia-programado-para-manana\/","title":{"rendered":"SANTA LUCIA | Corte de energ\u00eda programado para ma\u00f1ana"},"content":{"rendered":"<!-- VideographyWP Plugin Message: Automatic video embedding prevented by plugin options. -->\n\n<p>COOPSER informa que ma\u00f1ana MI\u00c9RCOLES 23 de octubre se realizar\u00e1 un corte de servicio el\u00e9ctrico por tareas de mantenimiento en Santa Luc\u00eda\u00a0entre calles Constituci\u00f3n y E.Doyle,\u00a0 entre Libertad y San Lorenzo &#8211;\u00a0Camino del medio. El mismo se extender\u00e1 entre las 7.15 y las 8.\u00a0En caso de mal tiempo ser\u00e1 reprogramado.<\/p>\n","protected":false},"excerpt":{"rendered":"<p>COOPSER informa que ma\u00f1ana MI\u00c9RCOLES 23 de octubre se realizar\u00e1 un corte de servicio el\u00e9ctrico por tareas de mantenimiento en Santa Luc\u00eda\u00a0entre calles Constituci\u00f3n y E.Doyle,\u00a0 entre Libertad y San Lorenzo &#8211;\u00a0Camino del medio. El mismo se extender\u00e1 entre las 7.15 y las 8.\u00a0En caso de mal tiempo ser\u00e1 reprogramado.<\/p>\n","protected":false},"author":4,"featured_media":39021,"comment_status":"open","ping_status":"closed","sticky":false,"template":"","format":"standard","meta":{"om_disable_all_campaigns":false,"_jetpack_memberships_contains_paid_content":false,"footnotes":""},"categories":[101,2],"tags":[],"class_list":["post-62470","post","type-post","status-publish","format-standard","has-post-thumbnail","hentry","category-interes-general-locales","category-locales"],"aioseo_notices":[],"gutentor_comment":0,"jetpack_featured_media_url":"https:\/\/eldiariodesanpedro.com.ar\/sitio\/wp-content\/uploads\/2018\/08\/coopser_-_corte_de_luz_7.jpg","jetpack_shortlink":"https:\/\/wp.me\/p6RhLt-gfA","jetpack_sharing_enabled":true,"_links":{"self":[{"href":"https:\/\/eldiariodesanpedro.com.ar\/sitio\/wp-json\/wp\/v2\/posts\/62470","targetHints":{"allow":["GET"]}}],"collection":[{"href":"https:\/\/eldiariodesanpedro.com.ar\/sitio\/wp-json\/wp\/v2\/posts"}],"about":[{"href":"https:\/\/eldiariodesanpedro.com.ar\/sitio\/wp-json\/wp\/v2\/types\/post"}],"author":[{"embeddable":true,"href":"https:\/\/eldiariodesanpedro.com.ar\/sitio\/wp-json\/wp\/v2\/users\/4"}],"replies":[{"embeddable":true,"href":"https:\/\/eldiariodesanpedro.com.ar\/sitio\/wp-json\/wp\/v2\/comments?post=62470"}],"version-history":[{"count":1,"href":"https:\/\/eldiariodesanpedro.com.ar\/sitio\/wp-json\/wp\/v2\/posts\/62470\/revisions"}],"predecessor-version":[{"id":62471,"href":"https:\/\/eldiariodesanpedro.com.ar\/sitio\/wp-json\/wp\/v2\/posts\/62470\/revisions\/62471"}],"wp:featuredmedia":[{"embeddable":true,"href":"https:\/\/eldiariodesanpedro.com.ar\/sitio\/wp-json\/wp\/v2\/media\/39021"}],"wp:attachment":[{"href":"https:\/\/eldiariodesanpedro.com.ar\/sitio\/wp-json\/wp\/v2\/media?parent=62470"}],"wp:term":[{"taxonomy":"category","embeddable":true,"href":"https:\/\/eldiariodesanpedro.com.ar\/sitio\/wp-json\/wp\/v2\/categories?post=62470"},{"taxonomy":"post_tag","embeddable":true,"href":"https:\/\/eldiariodesanpedro.com.ar\/sitio\/wp-json\/wp\/v2\/tags?post=62470"}],"curies":[{"name":"wp","href":"https:\/\/api.w.org\/{rel}","templated":true}]}}