{"id":62454,"date":"2019-10-22T16:58:44","date_gmt":"2019-10-22T19:58:44","guid":{"rendered":"https:\/\/eldiariodesanpedro.com.ar\/sitio\/?p=62454"},"modified":"2019-10-22T18:24:35","modified_gmt":"2019-10-22T21:24:35","slug":"presentacion-de-la-feria-del-libro-infantil","status":"publish","type":"post","link":"https:\/\/eldiariodesanpedro.com.ar\/sitio\/presentacion-de-la-feria-del-libro-infantil\/","title":{"rendered":"Presentaci\u00f3n de la Feria del Libro Infantil"},"content":{"rendered":"<!-- VideographyWP Plugin Message: Automatic video embedding prevented by plugin options. -->\n\n<p> Se realiz\u00f3 esta ma\u00f1ana, en el Centro Cultural Abelardo Castillo, la presentaci\u00f3n del cronograma de actividades de la Feria del Libro Infantil, que se llevar\u00e1 a cabo el 24, 25 y 26 de octubre. Participaron de la presentaci\u00f3n la Directora de Cultura Mar\u00eda Jos\u00e9 Mora, la Jefa Distrital de Educaci\u00f3n Mercedes Vell\u00f3n y la bibliotecaria Silvina Apertile. <\/p>\n\n\n\n<p>Cronograma:<\/p>\n\n\n\n<p>Jueves 24<\/p>\n\n\n\n<ul class=\"wp-block-list\"><li>9: 00 horas Apertura<\/li><li>9: 30 horas Narraci\u00f3n \u00abLa Capa que Escapa\u00bb por Ver\u00f3nica Farabollini<\/li><li>10:30 Artes Pl\u00e1stica a cargo de Vicky Camescasse<\/li><li>11: 00 \u00abLos Fantasmas del Torre\u00f3n\u00bb por \u00abDi\u00e1bolo\u00bb Teatro de T\u00edteres<\/li><li>13:30 Taller de Cocina para chicos, Curso de Gastronom\u00eda Instituto N\u00ba18<\/li><li>14: 00 \u00abAntonio El Panadero de la Ciudad\u00bb por \u00abDi\u00e1bolo\u00bb Teatro de T\u00edteres<\/li><li>15: 00 Taller de Historietas para ni\u00f1os<\/li><li>15:00 Maquillaje Artistico Infantil<\/li><li>17: 00 Cierre<\/li><\/ul>\n\n\n\n<p>Viernes 25\/10 BIBLIOPASEO<\/p>\n\n\n\n<p>CENTRO CULTURAL<\/p>\n\n\n\n<ul class=\"wp-block-list\"><li>9:00 Apertura<\/li><li>9:30 Narradora Cristina Soto, Teatro Le\u00eddo EES4<\/li><li>10:00 Expresi\u00f3n Art\u00edstica por Vicky Camescasse<\/li><li>10: 00 Juegos \u00c9pica ( San Mart\u00edn y Obligado)<\/li><li>10:30 Narradora Isabel Posadas<\/li><li>13:30 Narradora Paola Davico<\/li><li>14 :00 Obra de Teatro EP6<\/li><li>14:30 Narradora Cristina Soto<\/li><li>15:00 Taller de Historietas para ni\u00f1os<\/li><\/ul>\n\n\n\n<p>PLAZA BELGRANO<\/p>\n\n\n\n<ul class=\"wp-block-list\"><li>9:30 Narradora Paola Davico<\/li><li>10:00 \u00abCuentos \/ Rotafolios\u00bb EP43 Y EP7<\/li><li>10:30 Narradora Paola Davico<\/li><li>13:30 Narradora Isabel Posadas<\/li><li>14 :00 Teatro Susana Balderrama y \u00abAdolesueltos\u00bb EES8 Mariano Moreno<\/li><li>14:30 Narradora Paola Davico<\/li><li>15:00 Lectura Libre y recorrida por Stand<\/li><li>15:30 Circo Rockabilly <\/li><\/ul>\n\n\n\n<p>S\u00e1bado 26 <\/p>\n\n\n\n<ul class=\"wp-block-list\"><li>09:00 taller de ilustraci\u00f3n, T\u00e9cnica Papercut a cargo de Zeque Bracco (+15 a\u00f1os) Gratuito con cupo limitado<\/li><li> 10:00 Maquillaje Artistico Infantil<\/li><li>11:00 Yuyito Pal Mate<\/li><\/ul>\n\n\n\n<p> <\/p>\n\n\n\n<figure class=\"wp-block-image\"><img decoding=\"async\" width=\"960\" height=\"678\" data-attachment-id=\"62455\" data-permalink=\"https:\/\/eldiariodesanpedro.com.ar\/sitio\/presentacion-de-la-feria-del-libro-infantil\/1-138\/\" data-orig-file=\"https:\/\/eldiariodesanpedro.com.ar\/sitio\/wp-content\/uploads\/2019\/10\/1-9.jpg\" data-orig-size=\"960,678\" data-comments-opened=\"1\" data-image-meta=\"{&quot;aperture&quot;:&quot;0&quot;,&quot;credit&quot;:&quot;&quot;,&quot;camera&quot;:&quot;&quot;,&quot;caption&quot;:&quot;&quot;,&quot;created_timestamp&quot;:&quot;0&quot;,&quot;copyright&quot;:&quot;&quot;,&quot;focal_length&quot;:&quot;0&quot;,&quot;iso&quot;:&quot;0&quot;,&quot;shutter_speed&quot;:&quot;0&quot;,&quot;title&quot;:&quot;&quot;,&quot;orientation&quot;:&quot;0&quot;}\" data-image-title=\"1\" data-image-description=\"\" data-image-caption=\"\" data-large-file=\"https:\/\/eldiariodesanpedro.com.ar\/sitio\/wp-content\/uploads\/2019\/10\/1-9.jpg\" data-src=\"https:\/\/eldiariodesanpedro.com.ar\/sitio\/wp-content\/uploads\/2019\/10\/1-9.jpg\" alt=\"\" class=\"wp-image-62455 lazyload\" data-srcset=\"https:\/\/eldiariodesanpedro.com.ar\/sitio\/wp-content\/uploads\/2019\/10\/1-9.jpg 960w, https:\/\/eldiariodesanpedro.com.ar\/sitio\/wp-content\/uploads\/2019\/10\/1-9-300x212.jpg 300w, https:\/\/eldiariodesanpedro.com.ar\/sitio\/wp-content\/uploads\/2019\/10\/1-9-768x542.jpg 768w\" data-sizes=\"(max-width: 960px) 100vw, 960px\" src=\"data:image\/svg+xml;base64,PHN2ZyB3aWR0aD0iMSIgaGVpZ2h0PSIxIiB4bWxucz0iaHR0cDovL3d3dy53My5vcmcvMjAwMC9zdmciPjwvc3ZnPg==\" style=\"--smush-placeholder-width: 960px; --smush-placeholder-aspect-ratio: 960\/678;\" \/><\/figure>\n\n\n\n<figure class=\"wp-block-image\"><img decoding=\"async\" width=\"1280\" height=\"905\" data-attachment-id=\"62458\" data-permalink=\"https:\/\/eldiariodesanpedro.com.ar\/sitio\/presentacion-de-la-feria-del-libro-infantil\/4-57\/\" data-orig-file=\"https:\/\/eldiariodesanpedro.com.ar\/sitio\/wp-content\/uploads\/2019\/10\/4.jpeg\" data-orig-size=\"1280,905\" data-comments-opened=\"1\" data-image-meta=\"{&quot;aperture&quot;:&quot;0&quot;,&quot;credit&quot;:&quot;&quot;,&quot;camera&quot;:&quot;&quot;,&quot;caption&quot;:&quot;&quot;,&quot;created_timestamp&quot;:&quot;0&quot;,&quot;copyright&quot;:&quot;&quot;,&quot;focal_length&quot;:&quot;0&quot;,&quot;iso&quot;:&quot;0&quot;,&quot;shutter_speed&quot;:&quot;0&quot;,&quot;title&quot;:&quot;&quot;,&quot;orientation&quot;:&quot;0&quot;}\" data-image-title=\"4\" data-image-description=\"\" data-image-caption=\"\" data-large-file=\"https:\/\/eldiariodesanpedro.com.ar\/sitio\/wp-content\/uploads\/2019\/10\/4-1024x724.jpeg\" data-src=\"https:\/\/eldiariodesanpedro.com.ar\/sitio\/wp-content\/uploads\/2019\/10\/4-1024x724.jpeg\" alt=\"\" class=\"wp-image-62458 lazyload\" data-srcset=\"https:\/\/eldiariodesanpedro.com.ar\/sitio\/wp-content\/uploads\/2019\/10\/4-1024x724.jpeg 1024w, https:\/\/eldiariodesanpedro.com.ar\/sitio\/wp-content\/uploads\/2019\/10\/4-300x212.jpeg 300w, https:\/\/eldiariodesanpedro.com.ar\/sitio\/wp-content\/uploads\/2019\/10\/4-768x543.jpeg 768w, https:\/\/eldiariodesanpedro.com.ar\/sitio\/wp-content\/uploads\/2019\/10\/4.jpeg 1280w\" data-sizes=\"(max-width: 1280px) 100vw, 1280px\" src=\"data:image\/svg+xml;base64,PHN2ZyB3aWR0aD0iMSIgaGVpZ2h0PSIxIiB4bWxucz0iaHR0cDovL3d3dy53My5vcmcvMjAwMC9zdmciPjwvc3ZnPg==\" style=\"--smush-placeholder-width: 1280px; --smush-placeholder-aspect-ratio: 1280\/905;\" \/><\/figure>\n\n\n\n<figure class=\"wp-block-image\"><img decoding=\"async\" width=\"1024\" height=\"724\" data-attachment-id=\"62459\" data-permalink=\"https:\/\/eldiariodesanpedro.com.ar\/sitio\/presentacion-de-la-feria-del-libro-infantil\/5-36\/\" data-orig-file=\"https:\/\/eldiariodesanpedro.com.ar\/sitio\/wp-content\/uploads\/2019\/10\/5.jpeg\" data-orig-size=\"1280,905\" data-comments-opened=\"1\" data-image-meta=\"{&quot;aperture&quot;:&quot;0&quot;,&quot;credit&quot;:&quot;&quot;,&quot;camera&quot;:&quot;&quot;,&quot;caption&quot;:&quot;&quot;,&quot;created_timestamp&quot;:&quot;0&quot;,&quot;copyright&quot;:&quot;&quot;,&quot;focal_length&quot;:&quot;0&quot;,&quot;iso&quot;:&quot;0&quot;,&quot;shutter_speed&quot;:&quot;0&quot;,&quot;title&quot;:&quot;&quot;,&quot;orientation&quot;:&quot;0&quot;}\" data-image-title=\"5\" data-image-description=\"\" data-image-caption=\"\" data-large-file=\"https:\/\/eldiariodesanpedro.com.ar\/sitio\/wp-content\/uploads\/2019\/10\/5-1024x724.jpeg\" data-src=\"https:\/\/eldiariodesanpedro.com.ar\/sitio\/wp-content\/uploads\/2019\/10\/5-1024x724.jpeg\" alt=\"\" class=\"wp-image-62459 lazyload\" data-srcset=\"https:\/\/eldiariodesanpedro.com.ar\/sitio\/wp-content\/uploads\/2019\/10\/5-1024x724.jpeg 1024w, https:\/\/eldiariodesanpedro.com.ar\/sitio\/wp-content\/uploads\/2019\/10\/5-300x212.jpeg 300w, https:\/\/eldiariodesanpedro.com.ar\/sitio\/wp-content\/uploads\/2019\/10\/5-768x543.jpeg 768w, https:\/\/eldiariodesanpedro.com.ar\/sitio\/wp-content\/uploads\/2019\/10\/5.jpeg 1280w\" data-sizes=\"(max-width: 1024px) 100vw, 1024px\" src=\"data:image\/svg+xml;base64,PHN2ZyB3aWR0aD0iMSIgaGVpZ2h0PSIxIiB4bWxucz0iaHR0cDovL3d3dy53My5vcmcvMjAwMC9zdmciPjwvc3ZnPg==\" style=\"--smush-placeholder-width: 1024px; --smush-placeholder-aspect-ratio: 1024\/724;\" \/><\/figure>\n\n\n\n<figure class=\"wp-block-image\"><img decoding=\"async\" width=\"1024\" height=\"768\" data-attachment-id=\"62457\" data-permalink=\"https:\/\/eldiariodesanpedro.com.ar\/sitio\/presentacion-de-la-feria-del-libro-infantil\/3-69\/\" data-orig-file=\"https:\/\/eldiariodesanpedro.com.ar\/sitio\/wp-content\/uploads\/2019\/10\/3-3.jpg\" data-orig-size=\"4032,3024\" data-comments-opened=\"1\" data-image-meta=\"{&quot;aperture&quot;:&quot;1.7&quot;,&quot;credit&quot;:&quot;&quot;,&quot;camera&quot;:&quot;SM-A750G&quot;,&quot;caption&quot;:&quot;&quot;,&quot;created_timestamp&quot;:&quot;1571739605&quot;,&quot;copyright&quot;:&quot;&quot;,&quot;focal_length&quot;:&quot;3.93&quot;,&quot;iso&quot;:&quot;250&quot;,&quot;shutter_speed&quot;:&quot;0.02&quot;,&quot;title&quot;:&quot;&quot;,&quot;orientation&quot;:&quot;1&quot;}\" data-image-title=\"3\" data-image-description=\"\" data-image-caption=\"\" data-large-file=\"https:\/\/eldiariodesanpedro.com.ar\/sitio\/wp-content\/uploads\/2019\/10\/3-3-1024x768.jpg\" data-src=\"https:\/\/eldiariodesanpedro.com.ar\/sitio\/wp-content\/uploads\/2019\/10\/3-3-1024x768.jpg\" alt=\"\" class=\"wp-image-62457 lazyload\" data-srcset=\"https:\/\/eldiariodesanpedro.com.ar\/sitio\/wp-content\/uploads\/2019\/10\/3-3-1024x768.jpg 1024w, https:\/\/eldiariodesanpedro.com.ar\/sitio\/wp-content\/uploads\/2019\/10\/3-3-300x225.jpg 300w, https:\/\/eldiariodesanpedro.com.ar\/sitio\/wp-content\/uploads\/2019\/10\/3-3-768x576.jpg 768w\" data-sizes=\"(max-width: 1024px) 100vw, 1024px\" src=\"data:image\/svg+xml;base64,PHN2ZyB3aWR0aD0iMSIgaGVpZ2h0PSIxIiB4bWxucz0iaHR0cDovL3d3dy53My5vcmcvMjAwMC9zdmciPjwvc3ZnPg==\" style=\"--smush-placeholder-width: 1024px; --smush-placeholder-aspect-ratio: 1024\/768;\" \/><\/figure>\n","protected":false},"excerpt":{"rendered":"<p>Se realiz\u00f3 esta ma\u00f1ana, en el Centro Cultural Abelardo Castillo, la presentaci\u00f3n del cronograma de actividades de la Feria del Libro Infantil, que se llevar\u00e1 a cabo el 24, 25 y 26 de octubre. Participaron de la presentaci\u00f3n la Directora de Cultura Mar\u00eda Jos\u00e9 Mora, la Jefa Distrital de Educaci\u00f3n Mercedes Vell\u00f3n y la bibliotecaria [&hellip;]<\/p>\n","protected":false},"author":4,"featured_media":62456,"comment_status":"open","ping_status":"closed","sticky":false,"template":"","format":"standard","meta":{"om_disable_all_campaigns":false,"_jetpack_memberships_contains_paid_content":false,"footnotes":""},"categories":[101,2],"tags":[],"class_list":["post-62454","post","type-post","status-publish","format-standard","has-post-thumbnail","hentry","category-interes-general-locales","category-locales"],"aioseo_notices":[],"gutentor_comment":0,"jetpack_featured_media_url":"https:\/\/eldiariodesanpedro.com.ar\/sitio\/wp-content\/uploads\/2019\/10\/2-3.jpg","jetpack_shortlink":"https:\/\/wp.me\/p6RhLt-gfk","jetpack_sharing_enabled":true,"_links":{"self":[{"href":"https:\/\/eldiariodesanpedro.com.ar\/sitio\/wp-json\/wp\/v2\/posts\/62454","targetHints":{"allow":["GET"]}}],"collection":[{"href":"https:\/\/eldiariodesanpedro.com.ar\/sitio\/wp-json\/wp\/v2\/posts"}],"about":[{"href":"https:\/\/eldiariodesanpedro.com.ar\/sitio\/wp-json\/wp\/v2\/types\/post"}],"author":[{"embeddable":true,"href":"https:\/\/eldiariodesanpedro.com.ar\/sitio\/wp-json\/wp\/v2\/users\/4"}],"replies":[{"embeddable":true,"href":"https:\/\/eldiariodesanpedro.com.ar\/sitio\/wp-json\/wp\/v2\/comments?post=62454"}],"version-history":[{"count":2,"href":"https:\/\/eldiariodesanpedro.com.ar\/sitio\/wp-json\/wp\/v2\/posts\/62454\/revisions"}],"predecessor-version":[{"id":62474,"href":"https:\/\/eldiariodesanpedro.com.ar\/sitio\/wp-json\/wp\/v2\/posts\/62454\/revisions\/62474"}],"wp:featuredmedia":[{"embeddable":true,"href":"https:\/\/eldiariodesanpedro.com.ar\/sitio\/wp-json\/wp\/v2\/media\/62456"}],"wp:attachment":[{"href":"https:\/\/eldiariodesanpedro.com.ar\/sitio\/wp-json\/wp\/v2\/media?parent=62454"}],"wp:term":[{"taxonomy":"category","embeddable":true,"href":"https:\/\/eldiariodesanpedro.com.ar\/sitio\/wp-json\/wp\/v2\/categories?post=62454"},{"taxonomy":"post_tag","embeddable":true,"href":"https:\/\/eldiariodesanpedro.com.ar\/sitio\/wp-json\/wp\/v2\/tags?post=62454"}],"curies":[{"name":"wp","href":"https:\/\/api.w.org\/{rel}","templated":true}]}}