{"id":62452,"date":"2019-10-22T12:04:03","date_gmt":"2019-10-22T15:04:03","guid":{"rendered":"https:\/\/eldiariodesanpedro.com.ar\/sitio\/?p=62452"},"modified":"2019-10-22T12:04:09","modified_gmt":"2019-10-22T15:04:09","slug":"denuncia-por-amenaza","status":"publish","type":"post","link":"https:\/\/eldiariodesanpedro.com.ar\/sitio\/denuncia-por-amenaza\/","title":{"rendered":"Denuncia por amenaza"},"content":{"rendered":"<!-- VideographyWP Plugin Message: Automatic video embedding prevented by plugin options. -->\n\n<p>Un joven de 20 a\u00f1os de edad radico su denuncia en la comisaria local quien estar\u00eda recibiendo amenazas de muerte por otro sujeto.<\/p>\n\n\n\n<p>La victima cuenta encontrarse este lunes a las 10 y 30 horas en su lugar de trabajo de calle Lucio Mansilla al 2500, cuando se hace presente otro masculino y le profiere amenazas de muerte, que tambi\u00e9n recibe amenazas al otro d\u00eda por la red social facebook.<\/p>\n\n\n\n<p>Amenazar a otro con causarle a \u00e9l, a sus familiares o allegados un mal (que est\u00e9 tipificado o no como delito), est\u00e1\u00a0sancionado\u00a0por el C\u00f3digo Penal como un delito de amenazas.<br><\/p>\n\n\n\n<p>Interviene la fiscalia local.<\/p>\n","protected":false},"excerpt":{"rendered":"<p>Un joven de 20 a\u00f1os de edad radico su denuncia en la comisaria local quien estar\u00eda recibiendo amenazas de muerte por otro sujeto. La victima cuenta encontrarse este lunes a las 10 y 30 horas en su lugar de trabajo de calle Lucio Mansilla al 2500, cuando se hace presente otro masculino y le profiere [&hellip;]<\/p>\n","protected":false},"author":4,"featured_media":58374,"comment_status":"open","ping_status":"closed","sticky":false,"template":"","format":"standard","meta":{"om_disable_all_campaigns":false,"_jetpack_memberships_contains_paid_content":false,"footnotes":""},"categories":[2,103],"tags":[],"class_list":["post-62452","post","type-post","status-publish","format-standard","has-post-thumbnail","hentry","category-locales","category-policiales-locales"],"aioseo_notices":[],"gutentor_comment":0,"jetpack_featured_media_url":"https:\/\/eldiariodesanpedro.com.ar\/sitio\/wp-content\/uploads\/2019\/08\/comisaria-696x510.jpg","jetpack_shortlink":"https:\/\/wp.me\/p6RhLt-gfi","jetpack_sharing_enabled":true,"_links":{"self":[{"href":"https:\/\/eldiariodesanpedro.com.ar\/sitio\/wp-json\/wp\/v2\/posts\/62452","targetHints":{"allow":["GET"]}}],"collection":[{"href":"https:\/\/eldiariodesanpedro.com.ar\/sitio\/wp-json\/wp\/v2\/posts"}],"about":[{"href":"https:\/\/eldiariodesanpedro.com.ar\/sitio\/wp-json\/wp\/v2\/types\/post"}],"author":[{"embeddable":true,"href":"https:\/\/eldiariodesanpedro.com.ar\/sitio\/wp-json\/wp\/v2\/users\/4"}],"replies":[{"embeddable":true,"href":"https:\/\/eldiariodesanpedro.com.ar\/sitio\/wp-json\/wp\/v2\/comments?post=62452"}],"version-history":[{"count":1,"href":"https:\/\/eldiariodesanpedro.com.ar\/sitio\/wp-json\/wp\/v2\/posts\/62452\/revisions"}],"predecessor-version":[{"id":62453,"href":"https:\/\/eldiariodesanpedro.com.ar\/sitio\/wp-json\/wp\/v2\/posts\/62452\/revisions\/62453"}],"wp:featuredmedia":[{"embeddable":true,"href":"https:\/\/eldiariodesanpedro.com.ar\/sitio\/wp-json\/wp\/v2\/media\/58374"}],"wp:attachment":[{"href":"https:\/\/eldiariodesanpedro.com.ar\/sitio\/wp-json\/wp\/v2\/media?parent=62452"}],"wp:term":[{"taxonomy":"category","embeddable":true,"href":"https:\/\/eldiariodesanpedro.com.ar\/sitio\/wp-json\/wp\/v2\/categories?post=62452"},{"taxonomy":"post_tag","embeddable":true,"href":"https:\/\/eldiariodesanpedro.com.ar\/sitio\/wp-json\/wp\/v2\/tags?post=62452"}],"curies":[{"name":"wp","href":"https:\/\/api.w.org\/{rel}","templated":true}]}}