{"id":6245,"date":"2016-07-21T18:51:25","date_gmt":"2016-07-21T21:51:25","guid":{"rendered":"https:\/\/eldiariodesanpedro.com.ar\/sitio\/?p=6245"},"modified":"2016-07-21T18:51:25","modified_gmt":"2016-07-21T21:51:25","slug":"un-obrero-denuncio-hostigamiento-sindical-por-parte-de-la-uocra","status":"publish","type":"post","link":"https:\/\/eldiariodesanpedro.com.ar\/sitio\/un-obrero-denuncio-hostigamiento-sindical-por-parte-de-la-uocra\/","title":{"rendered":"Un obrero denunci\u00f3 hostigamiento sindical por parte de la UOCRA"},"content":{"rendered":"<p><!-- VideographyWP Plugin Message: Automatic video embedding prevented by plugin options. --><br \/>\nEn la ma\u00f1ana de este jueves, un trabajador que trabaja en la construcci\u00f3n de Lucio Mansilla y 11 de Septiembre denunci\u00f3 hoy que fue hostigado y obligado a renunciar por desafiliarse a la UOCRA.<br \/>\nLa situaci\u00f3n fue dada a conocer por Leonardo Celie, quien asegur\u00f3: \u201cFue un hostigamiento debido a que no tiene un pensar distinto, diferente, del conductivo que tienen ellos\u201d.<br \/>\nTodo surgi\u00f3 cuando \u201cles manifiesto mi pensamiento, de la desafiliaci\u00f3n del gremio y retomar mi afiliaci\u00f3n con gente realmente me represente\u201d.<br \/>\nAs\u00ed fue que se produjo en el lugar de trabajo una discusi\u00f3n. \u201cSe me acerca uno de los colaboradores, Sergio Corval\u00e1n, con un tono malo\u201d, dijo Celie y asegur\u00f3 que cuando dijo que se afiliar\u00e1 al otro gremio, la otra persona le constest\u00f3: \u201cQue te de trabajo el SITRAIC, ac\u00e1 no trabajas mas\u201d. Luego \u201cme doy vuelta, vuelvo a mi lugar de trabajo y me sigue el administrador de la obra que resuelva todo este asunto, porque ib a a traer problema para los dem\u00e1s compa\u00f1eros, dici\u00e9ndome que podr\u00edan llegar a parar la obra\u201d. Y le dijo: \u201cAgarro mis cosas y se te terminaron los problemas, no les voy a traer problemas a mis compa\u00f1eros\u201d.<br \/>\nEn tanto que enojado con la UOCRA, expres\u00f3: \u201cSientanse orgullosos dejaron a una familia sin trabajo\u201d. \u201cNo piensan en el obrero, es su coima mensual y se termin\u00f3\u201d. Al tiempo que dijo que sinti\u00f3: \u201cpresi\u00f3n, hostigamiento y amenaza\u201d.<br \/>\nPor su parte Horacio Azzoni, titular de la Uni\u00f3n Obrera de la Construcci\u00f3n de la Rep\u00fablica Argentina en San Pedro, asever\u00f3 a trav\u00e9s de la 92.3.: \u201cEst\u00e1 mintiendo\u201d. Y consider\u00f3: \u201cLa persona que no tiene los elementos de seguridad, se tiene que sentar a un costado, porque si pasa un accidente la culpa es nuestra\u201d. \u201cLa ropa la ten\u00eda mojada\u201d.<br \/>\n\u201cPor algo se le entrega los elementos de seguridad, para que trabaje con ellos\u201d, explic\u00f3 y sostuvo: \u201clo desmiento totalmente\u201d.<\/p>\n","protected":false},"excerpt":{"rendered":"<p>En la ma\u00f1ana de este jueves, un trabajador que trabaja en la construcci\u00f3n de Lucio Mansilla y 11 de Septiembre denunci\u00f3 hoy que fue hostigado y obligado a renunciar por desafiliarse a la UOCRA. La situaci\u00f3n fue dada a conocer por Leonardo Celie, quien asegur\u00f3: \u201cFue un hostigamiento debido a que no tiene un pensar [&hellip;]<\/p>\n","protected":false},"author":4,"featured_media":6246,"comment_status":"open","ping_status":"closed","sticky":false,"template":"","format":"standard","meta":{"om_disable_all_campaigns":false,"_jetpack_memberships_contains_paid_content":false,"footnotes":""},"categories":[50,101,2],"tags":[],"class_list":["post-6245","post","type-post","status-publish","format-standard","has-post-thumbnail","hentry","category-destacadas","category-interes-general-locales","category-locales"],"aioseo_notices":[],"gutentor_comment":0,"jetpack_featured_media_url":"https:\/\/eldiariodesanpedro.com.ar\/sitio\/wp-content\/uploads\/2016\/07\/celie.jpg","jetpack_shortlink":"https:\/\/wp.me\/p6RhLt-1CJ","jetpack_sharing_enabled":true,"_links":{"self":[{"href":"https:\/\/eldiariodesanpedro.com.ar\/sitio\/wp-json\/wp\/v2\/posts\/6245","targetHints":{"allow":["GET"]}}],"collection":[{"href":"https:\/\/eldiariodesanpedro.com.ar\/sitio\/wp-json\/wp\/v2\/posts"}],"about":[{"href":"https:\/\/eldiariodesanpedro.com.ar\/sitio\/wp-json\/wp\/v2\/types\/post"}],"author":[{"embeddable":true,"href":"https:\/\/eldiariodesanpedro.com.ar\/sitio\/wp-json\/wp\/v2\/users\/4"}],"replies":[{"embeddable":true,"href":"https:\/\/eldiariodesanpedro.com.ar\/sitio\/wp-json\/wp\/v2\/comments?post=6245"}],"version-history":[{"count":1,"href":"https:\/\/eldiariodesanpedro.com.ar\/sitio\/wp-json\/wp\/v2\/posts\/6245\/revisions"}],"predecessor-version":[{"id":6247,"href":"https:\/\/eldiariodesanpedro.com.ar\/sitio\/wp-json\/wp\/v2\/posts\/6245\/revisions\/6247"}],"wp:featuredmedia":[{"embeddable":true,"href":"https:\/\/eldiariodesanpedro.com.ar\/sitio\/wp-json\/wp\/v2\/media\/6246"}],"wp:attachment":[{"href":"https:\/\/eldiariodesanpedro.com.ar\/sitio\/wp-json\/wp\/v2\/media?parent=6245"}],"wp:term":[{"taxonomy":"category","embeddable":true,"href":"https:\/\/eldiariodesanpedro.com.ar\/sitio\/wp-json\/wp\/v2\/categories?post=6245"},{"taxonomy":"post_tag","embeddable":true,"href":"https:\/\/eldiariodesanpedro.com.ar\/sitio\/wp-json\/wp\/v2\/tags?post=6245"}],"curies":[{"name":"wp","href":"https:\/\/api.w.org\/{rel}","templated":true}]}}