{"id":62448,"date":"2019-10-22T10:23:17","date_gmt":"2019-10-22T13:23:17","guid":{"rendered":"https:\/\/eldiariodesanpedro.com.ar\/sitio\/?p=62448"},"modified":"2019-10-22T10:23:21","modified_gmt":"2019-10-22T13:23:21","slug":"san-nicolas-le-dispararon-a-dos-personas-en-las-piernas","status":"publish","type":"post","link":"https:\/\/eldiariodesanpedro.com.ar\/sitio\/san-nicolas-le-dispararon-a-dos-personas-en-las-piernas\/","title":{"rendered":"SAN NICOL\u00c1S | Le dispararon a dos personas en las piernas"},"content":{"rendered":"<!-- VideographyWP Plugin Message: Automatic video embedding prevented by plugin options. -->\n\n<p>Un preocupante y violento episodio tuvo lugar en barrio Los Provincianos cuando se escucharon varias detonaciones de arma de fuego y los gritos desesperados de dos personas que acababan de ser heridas.<\/p>\n\n\n\n<p> Fue realmente un hecho con tintes de caracter\u00edsticas mafiosas cuando Fabi\u00e1n y Jonatan, fueron a buscar armados a dos j\u00f3venes de apellido Orue, con los que se dec\u00eda ten\u00edan diferencias de hac\u00eda un largo tiempo.<\/p>\n\n\n\n<p> Al encontrarse con los mismos, la discusi\u00f3n fue inmediata y subiendo de tono. En cierto momento, los dos individuos primero mencionados extrajeron sendas armas de fuego y comenzaron a amenazar con matar a los hermanos.<\/p>\n\n\n\n<p> Fue ah\u00ed que a modo de advertencia comenzaron a dispararles en las piernas dej\u00e1ndolos tenidos en el piso, en medio de un charco de sangre, y gritando de dolor. Los agresores r\u00e1pidamente se fueron del lugar y los vecinos se acercaron a ver lo que suced\u00eda dando inmediato aviso a las autoridades policiales.<\/p>\n\n\n\n<p> Una ambulancia del SAME traslad\u00f3 a los dos muchachos de 31 y 33 a\u00f1os al hospital San Felipe. Fabio recibi\u00f3 disparos en la rodilla izquierda y el pie izquierdo mientras que Juan Carlos termin\u00f3 con lesiones en su rodilla izquierda. Ambos tienen su domicilio en Barrio Piol\u00edn.<\/p>\n\n\n\n<p>Detenidos<br> Personal del Comando de Patrulla y la Comisar\u00eda Segunda ingres\u00f3 en la villa y sabiendo la identidad de los presuntos agresores fue en su b\u00fasqueda procediendo a su inmediata aprehensi\u00f3n. Los detenidos de 38 y 32 a\u00f1os fueron trasladados a sede de la Comisar\u00eda Segunda y se les iniciaron actuaciones por abuso de arma y lesiones a cargo de la UFI Nro. 1.<\/p>\n\n\n\n<p>Fuente: Diario El norte<\/p>\n","protected":false},"excerpt":{"rendered":"<p>Un preocupante y violento episodio tuvo lugar en barrio Los Provincianos cuando se escucharon varias detonaciones de arma de fuego y los gritos desesperados de dos personas que acababan de ser heridas. Fue realmente un hecho con tintes de caracter\u00edsticas mafiosas cuando Fabi\u00e1n y Jonatan, fueron a buscar armados a dos j\u00f3venes de apellido Orue, [&hellip;]<\/p>\n","protected":false},"author":4,"featured_media":62449,"comment_status":"open","ping_status":"closed","sticky":false,"template":"","format":"standard","meta":{"om_disable_all_campaigns":false,"_jetpack_memberships_contains_paid_content":false,"footnotes":""},"categories":[621],"tags":[],"class_list":["post-62448","post","type-post","status-publish","format-standard","has-post-thumbnail","hentry","category-regionales"],"aioseo_notices":[],"gutentor_comment":0,"jetpack_featured_media_url":"https:\/\/eldiariodesanpedro.com.ar\/sitio\/wp-content\/uploads\/2019\/10\/PAGINA-7.jpg","jetpack_shortlink":"https:\/\/wp.me\/p6RhLt-gfe","jetpack_sharing_enabled":true,"_links":{"self":[{"href":"https:\/\/eldiariodesanpedro.com.ar\/sitio\/wp-json\/wp\/v2\/posts\/62448","targetHints":{"allow":["GET"]}}],"collection":[{"href":"https:\/\/eldiariodesanpedro.com.ar\/sitio\/wp-json\/wp\/v2\/posts"}],"about":[{"href":"https:\/\/eldiariodesanpedro.com.ar\/sitio\/wp-json\/wp\/v2\/types\/post"}],"author":[{"embeddable":true,"href":"https:\/\/eldiariodesanpedro.com.ar\/sitio\/wp-json\/wp\/v2\/users\/4"}],"replies":[{"embeddable":true,"href":"https:\/\/eldiariodesanpedro.com.ar\/sitio\/wp-json\/wp\/v2\/comments?post=62448"}],"version-history":[{"count":1,"href":"https:\/\/eldiariodesanpedro.com.ar\/sitio\/wp-json\/wp\/v2\/posts\/62448\/revisions"}],"predecessor-version":[{"id":62450,"href":"https:\/\/eldiariodesanpedro.com.ar\/sitio\/wp-json\/wp\/v2\/posts\/62448\/revisions\/62450"}],"wp:featuredmedia":[{"embeddable":true,"href":"https:\/\/eldiariodesanpedro.com.ar\/sitio\/wp-json\/wp\/v2\/media\/62449"}],"wp:attachment":[{"href":"https:\/\/eldiariodesanpedro.com.ar\/sitio\/wp-json\/wp\/v2\/media?parent=62448"}],"wp:term":[{"taxonomy":"category","embeddable":true,"href":"https:\/\/eldiariodesanpedro.com.ar\/sitio\/wp-json\/wp\/v2\/categories?post=62448"},{"taxonomy":"post_tag","embeddable":true,"href":"https:\/\/eldiariodesanpedro.com.ar\/sitio\/wp-json\/wp\/v2\/tags?post=62448"}],"curies":[{"name":"wp","href":"https:\/\/api.w.org\/{rel}","templated":true}]}}