{"id":62443,"date":"2019-10-22T10:19:30","date_gmt":"2019-10-22T13:19:30","guid":{"rendered":"https:\/\/eldiariodesanpedro.com.ar\/sitio\/?p=62443"},"modified":"2019-10-22T10:19:34","modified_gmt":"2019-10-22T13:19:34","slug":"ramallo-villa-general-savio-ya-cuenta-con-el-servicio-de-gas-natural","status":"publish","type":"post","link":"https:\/\/eldiariodesanpedro.com.ar\/sitio\/ramallo-villa-general-savio-ya-cuenta-con-el-servicio-de-gas-natural\/","title":{"rendered":"RAMALLO | Villa General Savio ya cuenta con el servicio de gas natural"},"content":{"rendered":"<!-- VideographyWP Plugin Message: Automatic video embedding prevented by plugin options. -->\n\n<p>Desde la Delegaci\u00f3n municipal de esa localidad informaron que ya qued\u00f3 en servicio la red de gas natural y los vecinos van a poder empezar a habilitar el servicio domiciliario. <\/p>\n\n\n\n<p> Son 6800 metros desde  la empresa  Magnesita Refractario hasta el acceso a la localidad. Esta obra es una conexi\u00f3n a la red urbana de la red de Litoral Gas que se extiende paralela a la ruta provincial  087-07, acceso a Villa General Savio. Luego se conecta un ramal a la ruta provincial 1001.<\/p>\n\n\n\n<p>El Municipio de Ramallo a trav\u00e9s de la Secretar\u00eda de Obras y Servicios P\u00fablicos  realiz\u00f3 trabajos en conjunto con la empresa contratada  Sud Gas S.A., la que est\u00e1 a cargo de la obra completa. Luego de quedar postergada por tantos a\u00f1os, gracias a las  gestiones del intendente Mauro David Poletti  la Extensi\u00f3n del Gas Natural a Villa General Savio ya es un hecho.<\/p>\n\n\n\n<p> Fuente: Ramallo Ciudad<\/p>\n","protected":false},"excerpt":{"rendered":"<p>Desde la Delegaci\u00f3n municipal de esa localidad informaron que ya qued\u00f3 en servicio la red de gas natural y los vecinos van a poder empezar a habilitar el servicio domiciliario. Son 6800 metros desde la empresa Magnesita Refractario hasta el acceso a la localidad. Esta obra es una conexi\u00f3n a la red urbana de la [&hellip;]<\/p>\n","protected":false},"author":4,"featured_media":62444,"comment_status":"open","ping_status":"closed","sticky":false,"template":"","format":"standard","meta":{"om_disable_all_campaigns":false,"_jetpack_memberships_contains_paid_content":false,"footnotes":""},"categories":[621],"tags":[],"class_list":["post-62443","post","type-post","status-publish","format-standard","has-post-thumbnail","hentry","category-regionales"],"aioseo_notices":[],"gutentor_comment":0,"jetpack_featured_media_url":"https:\/\/eldiariodesanpedro.com.ar\/sitio\/wp-content\/uploads\/2019\/10\/bbx_645048875_1_whatsapp_image_2019-.jpeg","jetpack_shortlink":"https:\/\/wp.me\/p6RhLt-gf9","jetpack_sharing_enabled":true,"_links":{"self":[{"href":"https:\/\/eldiariodesanpedro.com.ar\/sitio\/wp-json\/wp\/v2\/posts\/62443","targetHints":{"allow":["GET"]}}],"collection":[{"href":"https:\/\/eldiariodesanpedro.com.ar\/sitio\/wp-json\/wp\/v2\/posts"}],"about":[{"href":"https:\/\/eldiariodesanpedro.com.ar\/sitio\/wp-json\/wp\/v2\/types\/post"}],"author":[{"embeddable":true,"href":"https:\/\/eldiariodesanpedro.com.ar\/sitio\/wp-json\/wp\/v2\/users\/4"}],"replies":[{"embeddable":true,"href":"https:\/\/eldiariodesanpedro.com.ar\/sitio\/wp-json\/wp\/v2\/comments?post=62443"}],"version-history":[{"count":1,"href":"https:\/\/eldiariodesanpedro.com.ar\/sitio\/wp-json\/wp\/v2\/posts\/62443\/revisions"}],"predecessor-version":[{"id":62445,"href":"https:\/\/eldiariodesanpedro.com.ar\/sitio\/wp-json\/wp\/v2\/posts\/62443\/revisions\/62445"}],"wp:featuredmedia":[{"embeddable":true,"href":"https:\/\/eldiariodesanpedro.com.ar\/sitio\/wp-json\/wp\/v2\/media\/62444"}],"wp:attachment":[{"href":"https:\/\/eldiariodesanpedro.com.ar\/sitio\/wp-json\/wp\/v2\/media?parent=62443"}],"wp:term":[{"taxonomy":"category","embeddable":true,"href":"https:\/\/eldiariodesanpedro.com.ar\/sitio\/wp-json\/wp\/v2\/categories?post=62443"},{"taxonomy":"post_tag","embeddable":true,"href":"https:\/\/eldiariodesanpedro.com.ar\/sitio\/wp-json\/wp\/v2\/tags?post=62443"}],"curies":[{"name":"wp","href":"https:\/\/api.w.org\/{rel}","templated":true}]}}