{"id":62440,"date":"2019-10-22T10:17:53","date_gmt":"2019-10-22T13:17:53","guid":{"rendered":"https:\/\/eldiariodesanpedro.com.ar\/sitio\/?p=62440"},"modified":"2019-10-22T10:17:58","modified_gmt":"2019-10-22T13:17:58","slug":"zarate-axel-kicillof-si-saben-dar-trabajo-porque-no-empiezan-hoy-mismo","status":"publish","type":"post","link":"https:\/\/eldiariodesanpedro.com.ar\/sitio\/zarate-axel-kicillof-si-saben-dar-trabajo-porque-no-empiezan-hoy-mismo\/","title":{"rendered":"Z\u00c1RATE |Axel Kicillof: \u201csi saben dar trabajo \u00bfporque no empiezan hoy mismo?\u201d"},"content":{"rendered":"<!-- VideographyWP Plugin Message: Automatic video embedding prevented by plugin options. -->\n\n<p>El Intendente Osvaldo C\u00e1ffaro y el candidato a gobernador por la Provincia de Buenos Aires, Axel Kicillof, recorrieron la ciudad y culminaron con un gran acto en el Anfiteatro Homero Exp\u00f3sito de la Plaza Italia.<\/p>\n\n\n\n<p> En horas de la tarde, el Intendente C\u00e1ffaro recibi\u00f3 a Axel Kicillof en el Centro de Transferencia de la calle Rawson donde pudieron hablar sobre el Sistema Integrado de transporte y probar la App que ya est\u00e1 en funcionamiento y que avisa mediante sistema de GPS el arribo del pr\u00f3ximo colectivo.<\/p>\n\n\n\n<p> All\u00ed, C\u00e1ffaro y el candidato por el Frente de Todos a gobernador por la Provincia de Buenos Aires viajaron desde el Centro de Transferencia hasta la Plaza Italia en uno de los colectivos del SIT.<\/p>\n\n\n\n<p> En la Plaza Italia, fueron esperados por m\u00e1s de cinco mil vecinos que se acercaron a escuchar a los candidatos en un gran acto. <\/p>\n\n\n\n<p> El Intendente C\u00e1ffaro abri\u00f3 el acto diciendo: \u201cDespu\u00e9s de tantos a\u00f1os en la pol\u00edtica y de estos cuatro a\u00f1os que, como siempre digo, han sido los m\u00e1s dif\u00edciles porque nos han querido ocultar realmente los problemas que padecemos: del trabajo, de la educaci\u00f3n, de la salud\u201d.<\/p>\n\n\n\n<p> \u201cPero hemos resistido, compa\u00f1ero Axel, y vamos por m\u00e1s: por m\u00e1s educaci\u00f3n, por m\u00e1s salud y por m\u00e1s vivienda. Es un orgullo muy grande que est\u00e9 el pr\u00f3ximo gobernador de la Provincia de Buenos Aires con nosotros\u201d, sostuvo el Intendente C\u00e1ffaro.<\/p>\n\n\n\n<p> En su discurso, Kicillof manifest\u00f3: \u201cEn este gobierno vimos todo. Empezaron mand\u00e1ndonos a dormir, pero nosotros nos quedamos despiertos y redoblamos el esfuerzo\u201d.<\/p>\n\n\n\n<p> Adem\u00e1s, agreg\u00f3: \u201cSi saben dar trabajo \u00bfporque no empiezan hoy mismo a dar el trabajo que le quitaron a la Provincia de Buenos Aires?\u201d.<\/p>\n\n\n\n<p> Por otra parte, cuando se refiri\u00f3 a nuestra ciudad sostuvo: \u201cDesde Z\u00e1rate, uno de los corazones productivos de Bs As, es necesario que el banco le de cr\u00e9ditos a nuestros productores, a nuestros comerciantes\u201d.<\/p>\n\n\n\n<p> \u201cHay que recorrer hasta el \u00faltimo cent\u00edmetro de Z\u00e1rate y la provincia est\u00e1 semana. Cada casa, cada f\u00e1brica, es con Todos\u201d, concluy\u00f3 el candidato por el Frente de Todos a gobernador de la Provincia de Buenos Aires.<\/p>\n\n\n\n<p> Fuente: Impacto Local<\/p>\n","protected":false},"excerpt":{"rendered":"<p>El Intendente Osvaldo C\u00e1ffaro y el candidato a gobernador por la Provincia de Buenos Aires, Axel Kicillof, recorrieron la ciudad y culminaron con un gran acto en el Anfiteatro Homero Exp\u00f3sito de la Plaza Italia. En horas de la tarde, el Intendente C\u00e1ffaro recibi\u00f3 a Axel Kicillof en el Centro de Transferencia de la calle [&hellip;]<\/p>\n","protected":false},"author":4,"featured_media":62441,"comment_status":"open","ping_status":"closed","sticky":false,"template":"","format":"standard","meta":{"om_disable_all_campaigns":false,"_jetpack_memberships_contains_paid_content":false,"footnotes":""},"categories":[621],"tags":[],"class_list":["post-62440","post","type-post","status-publish","format-standard","has-post-thumbnail","hentry","category-regionales"],"aioseo_notices":[],"gutentor_comment":0,"jetpack_featured_media_url":"https:\/\/eldiariodesanpedro.com.ar\/sitio\/wp-content\/uploads\/2019\/10\/WhatsApp-Image-2019-10-21-at-8.14.51-PM-696x464.jpeg","jetpack_shortlink":"https:\/\/wp.me\/p6RhLt-gf6","jetpack_sharing_enabled":true,"_links":{"self":[{"href":"https:\/\/eldiariodesanpedro.com.ar\/sitio\/wp-json\/wp\/v2\/posts\/62440","targetHints":{"allow":["GET"]}}],"collection":[{"href":"https:\/\/eldiariodesanpedro.com.ar\/sitio\/wp-json\/wp\/v2\/posts"}],"about":[{"href":"https:\/\/eldiariodesanpedro.com.ar\/sitio\/wp-json\/wp\/v2\/types\/post"}],"author":[{"embeddable":true,"href":"https:\/\/eldiariodesanpedro.com.ar\/sitio\/wp-json\/wp\/v2\/users\/4"}],"replies":[{"embeddable":true,"href":"https:\/\/eldiariodesanpedro.com.ar\/sitio\/wp-json\/wp\/v2\/comments?post=62440"}],"version-history":[{"count":1,"href":"https:\/\/eldiariodesanpedro.com.ar\/sitio\/wp-json\/wp\/v2\/posts\/62440\/revisions"}],"predecessor-version":[{"id":62442,"href":"https:\/\/eldiariodesanpedro.com.ar\/sitio\/wp-json\/wp\/v2\/posts\/62440\/revisions\/62442"}],"wp:featuredmedia":[{"embeddable":true,"href":"https:\/\/eldiariodesanpedro.com.ar\/sitio\/wp-json\/wp\/v2\/media\/62441"}],"wp:attachment":[{"href":"https:\/\/eldiariodesanpedro.com.ar\/sitio\/wp-json\/wp\/v2\/media?parent=62440"}],"wp:term":[{"taxonomy":"category","embeddable":true,"href":"https:\/\/eldiariodesanpedro.com.ar\/sitio\/wp-json\/wp\/v2\/categories?post=62440"},{"taxonomy":"post_tag","embeddable":true,"href":"https:\/\/eldiariodesanpedro.com.ar\/sitio\/wp-json\/wp\/v2\/tags?post=62440"}],"curies":[{"name":"wp","href":"https:\/\/api.w.org\/{rel}","templated":true}]}}