{"id":62436,"date":"2019-10-22T10:15:16","date_gmt":"2019-10-22T13:15:16","guid":{"rendered":"https:\/\/eldiariodesanpedro.com.ar\/sitio\/?p=62436"},"modified":"2019-10-22T10:15:20","modified_gmt":"2019-10-22T13:15:20","slug":"arrecifes-la-fiesta-provincial-del-automovilismo-cumplio-su-decima-edicion","status":"publish","type":"post","link":"https:\/\/eldiariodesanpedro.com.ar\/sitio\/arrecifes-la-fiesta-provincial-del-automovilismo-cumplio-su-decima-edicion\/","title":{"rendered":"ARRECIFES |La Fiesta Provincial del Automovilismo cumpli\u00f3 su d\u00e9cima edici\u00f3n"},"content":{"rendered":"<!-- VideographyWP Plugin Message: Automatic video embedding prevented by plugin options. -->\n\n<p>Con doble jornada como es habitual, s\u00e1bado y domingo se llev\u00f3 a cabo la d\u00e9cima edici\u00f3n del evento m\u00e1s tradicional de la Cuna de Campeones, la Fiesta Provincial del Automovilismo.<\/p>\n\n\n\n<p> Montada sobre la Av. Merlassino y el predio del Viejo Molino, con escenario central instalado junto al ingreso al Balneario Municipal, su distribuci\u00f3n permiti\u00f3 a las cerca de 20.000 personas que pasaron por la muestra entre los dos d\u00edas, disfrutar en su ingreso de una exposici\u00f3n de autos de todas las \u00e9pocas, entre otros el TC de Agust\u00edn Canapino, el de Juan Tom\u00e1s Catal\u00e1n Magni, Maxi Rocha con su moto, el equipo Dakar de Fontana y Scicolone; dando paso a la pista en la que se disfrutaron exhibiciones de Cicle Kart y Karting; la llegada de los participantes de los 500 km. GPA premio Alberto Canapino y entrega de premios el s\u00e1bado en el auditorio de la firma Bartoli Neum\u00e1ticos. En el predio del Viejo Molino se encontraba un atractivo patio de comidas, paseo de artesanos, microemprendedores y stands de empresas.<\/p>\n\n\n\n<p> La inauguraci\u00f3n oficial de la fiesta fue encabezada por el intendente Javier Olaeta sobre una r\u00e9plica de uno de los Torino hist\u00f3ricos de la Misi\u00f3n Argentina en Nurburgring, protagonistas hace 50 a\u00f1os de una epopeya, logrando el 4\u00ba puesto en las 84 hs. compitiendo con las poderosas marcas europeas.<\/p>\n\n\n\n<p> El s\u00e1bado se realiz\u00f3 la elecci\u00f3n de la Reina de la Fiesta Provincial del Automovilismo, siendo consagrada Camila Gonz\u00e1lez, y el domingo el gran cierre musical con la presentaci\u00f3n de \u201cBanda XXI\u201d ante m\u00e1s de 8.500 personas, marc\u00f3 la exitosa culminaci\u00f3n de una nueva edici\u00f3n de la fiesta m\u00e1s nuestra.<\/p>\n\n\n\n<p>Fuente: Arrecifes Noticias<\/p>\n\n\n\n<figure class=\"wp-block-image\"><img decoding=\"async\" width=\"768\" height=\"511\" data-attachment-id=\"62438\" data-permalink=\"https:\/\/eldiariodesanpedro.com.ar\/sitio\/arrecifes-la-fiesta-provincial-del-automovilismo-cumplio-su-decima-edicion\/camila-gonzalez-reina-automovilismo-2019\/\" data-orig-file=\"https:\/\/eldiariodesanpedro.com.ar\/sitio\/wp-content\/uploads\/2019\/10\/Camila-Gonzalez-Reina-Automovilismo-2019.jpg\" data-orig-size=\"768,511\" data-comments-opened=\"1\" data-image-meta=\"{&quot;aperture&quot;:&quot;0&quot;,&quot;credit&quot;:&quot;&quot;,&quot;camera&quot;:&quot;&quot;,&quot;caption&quot;:&quot;&quot;,&quot;created_timestamp&quot;:&quot;0&quot;,&quot;copyright&quot;:&quot;&quot;,&quot;focal_length&quot;:&quot;0&quot;,&quot;iso&quot;:&quot;0&quot;,&quot;shutter_speed&quot;:&quot;0&quot;,&quot;title&quot;:&quot;&quot;,&quot;orientation&quot;:&quot;0&quot;}\" data-image-title=\"Camila-Gonzalez-Reina-Automovilismo-2019\" data-image-description=\"\" data-image-caption=\"\" data-large-file=\"https:\/\/eldiariodesanpedro.com.ar\/sitio\/wp-content\/uploads\/2019\/10\/Camila-Gonzalez-Reina-Automovilismo-2019.jpg\" data-src=\"https:\/\/eldiariodesanpedro.com.ar\/sitio\/wp-content\/uploads\/2019\/10\/Camila-Gonzalez-Reina-Automovilismo-2019.jpg\" alt=\"\" class=\"wp-image-62438 lazyload\" data-srcset=\"https:\/\/eldiariodesanpedro.com.ar\/sitio\/wp-content\/uploads\/2019\/10\/Camila-Gonzalez-Reina-Automovilismo-2019.jpg 768w, https:\/\/eldiariodesanpedro.com.ar\/sitio\/wp-content\/uploads\/2019\/10\/Camila-Gonzalez-Reina-Automovilismo-2019-300x200.jpg 300w\" data-sizes=\"(max-width: 768px) 100vw, 768px\" src=\"data:image\/svg+xml;base64,PHN2ZyB3aWR0aD0iMSIgaGVpZ2h0PSIxIiB4bWxucz0iaHR0cDovL3d3dy53My5vcmcvMjAwMC9zdmciPjwvc3ZnPg==\" style=\"--smush-placeholder-width: 768px; --smush-placeholder-aspect-ratio: 768\/511;\" \/><\/figure>\n","protected":false},"excerpt":{"rendered":"<p>Con doble jornada como es habitual, s\u00e1bado y domingo se llev\u00f3 a cabo la d\u00e9cima edici\u00f3n del evento m\u00e1s tradicional de la Cuna de Campeones, la Fiesta Provincial del Automovilismo. Montada sobre la Av. Merlassino y el predio del Viejo Molino, con escenario central instalado junto al ingreso al Balneario Municipal, su distribuci\u00f3n permiti\u00f3 a [&hellip;]<\/p>\n","protected":false},"author":4,"featured_media":62437,"comment_status":"open","ping_status":"closed","sticky":false,"template":"","format":"standard","meta":{"om_disable_all_campaigns":false,"_jetpack_memberships_contains_paid_content":false,"footnotes":""},"categories":[621],"tags":[],"class_list":["post-62436","post","type-post","status-publish","format-standard","has-post-thumbnail","hentry","category-regionales"],"aioseo_notices":[],"gutentor_comment":0,"jetpack_featured_media_url":"https:\/\/eldiariodesanpedro.com.ar\/sitio\/wp-content\/uploads\/2019\/10\/Fiesta-automovilismo-Banda-XXI-2-960x510.jpg","jetpack_shortlink":"https:\/\/wp.me\/p6RhLt-gf2","jetpack_sharing_enabled":true,"_links":{"self":[{"href":"https:\/\/eldiariodesanpedro.com.ar\/sitio\/wp-json\/wp\/v2\/posts\/62436","targetHints":{"allow":["GET"]}}],"collection":[{"href":"https:\/\/eldiariodesanpedro.com.ar\/sitio\/wp-json\/wp\/v2\/posts"}],"about":[{"href":"https:\/\/eldiariodesanpedro.com.ar\/sitio\/wp-json\/wp\/v2\/types\/post"}],"author":[{"embeddable":true,"href":"https:\/\/eldiariodesanpedro.com.ar\/sitio\/wp-json\/wp\/v2\/users\/4"}],"replies":[{"embeddable":true,"href":"https:\/\/eldiariodesanpedro.com.ar\/sitio\/wp-json\/wp\/v2\/comments?post=62436"}],"version-history":[{"count":1,"href":"https:\/\/eldiariodesanpedro.com.ar\/sitio\/wp-json\/wp\/v2\/posts\/62436\/revisions"}],"predecessor-version":[{"id":62439,"href":"https:\/\/eldiariodesanpedro.com.ar\/sitio\/wp-json\/wp\/v2\/posts\/62436\/revisions\/62439"}],"wp:featuredmedia":[{"embeddable":true,"href":"https:\/\/eldiariodesanpedro.com.ar\/sitio\/wp-json\/wp\/v2\/media\/62437"}],"wp:attachment":[{"href":"https:\/\/eldiariodesanpedro.com.ar\/sitio\/wp-json\/wp\/v2\/media?parent=62436"}],"wp:term":[{"taxonomy":"category","embeddable":true,"href":"https:\/\/eldiariodesanpedro.com.ar\/sitio\/wp-json\/wp\/v2\/categories?post=62436"},{"taxonomy":"post_tag","embeddable":true,"href":"https:\/\/eldiariodesanpedro.com.ar\/sitio\/wp-json\/wp\/v2\/tags?post=62436"}],"curies":[{"name":"wp","href":"https:\/\/api.w.org\/{rel}","templated":true}]}}