{"id":62433,"date":"2019-10-22T10:11:26","date_gmt":"2019-10-22T13:11:26","guid":{"rendered":"https:\/\/eldiariodesanpedro.com.ar\/sitio\/?p=62433"},"modified":"2019-10-22T10:11:30","modified_gmt":"2019-10-22T13:11:30","slug":"campana-reclamos-sectoriales-mandamientos-y-notificaciones-realizara-retencion-de-tareas","status":"publish","type":"post","link":"https:\/\/eldiariodesanpedro.com.ar\/sitio\/campana-reclamos-sectoriales-mandamientos-y-notificaciones-realizara-retencion-de-tareas\/","title":{"rendered":"CAMPANA | Reclamos sectoriales: Mandamientos y Notificaciones realizar\u00e1 retenci\u00f3n de tareas"},"content":{"rendered":"<!-- VideographyWP Plugin Message: Automatic video embedding prevented by plugin options. -->\n\n<p>El 30 y 31 de octubre, los trabajadores del sector realizar\u00e1n asambleas sin diligenciamiento de c\u00e9dulas ni mandamientos en reclamo de la actualizaci\u00f3n de la movilidad.<\/p>\n\n\n\n<p> La medida fue resuelta en el marco de la reuni\u00f3n realizada el pasado viernes en la Ciudad Aut\u00f3noma de Buenos Aires, de la que participaron representantes de oficinas de Mandamientos y Notificaciones y juzgados de paz de varios departamentos judiciales.<\/p>\n\n\n\n<p> En dicho encuentro se abord\u00f3 prioritariamente el reclamo de la actualizaci\u00f3n de la movilidad fija y se defini\u00f3 adem\u00e1s realizar una nueva presentaci\u00f3n a la Suprema Corte exigiendo la modificaci\u00f3n del procedimiento de liquidaci\u00f3n de la movilidad por zona vacante as\u00ed como la correspondiente a diligencias realizadas en d\u00edas inh\u00e1biles.<\/p>\n\n\n\n<p> La AJB reclamar\u00e1 la inclusi\u00f3n en el sistema de presentismo de dos nuevos \u00edtems donde se registre diariamente qu\u00e9 oficiales cubren zonas vacantes o realizaron diligencias en los d\u00edas inh\u00e1biles, con el objeto de que las mismas se liquiden en forma inmediata y no luego de tres o cuatro meses, como es habitual en la actualidad.<\/p>\n\n\n\n<p> En la misma presentaci\u00f3n se reclamar\u00e1 el pago del cien por ciento de la movilidad por zona vacante (la Resoluci\u00f3n 611\/09 sin fundamento alguno establece que se liquide s\u00f3lo la mitad), y la eliminaci\u00f3n del requisito m\u00ednimo de diez d\u00edas para su percepci\u00f3n.<\/p>\n\n\n\n<p> Adem\u00e1s, se puso en com\u00fan el documento elaborado por la AJB en respuesta al informe presentado por la Suprema Corte de Justicia (Secretar\u00eda de Planificaci\u00f3n), referido al proyecto de implementaci\u00f3n de reformas estructurales en el \u00e1rea de Mandamientos y Notificaciones.<\/p>\n\n\n\n<p> Por otra parte, las y los presentes coincidieron en realizar una nueva presentaci\u00f3n del petitorio en la que se actualicen los diferentes reclamos plasmados en octubre de 2017, e incorporando la imperiosa necesidad de que cualquier proyecto de reforma que modifique las condiciones de trabajo de las y los trabajadores del sector sea debatido y consensuado con la AJB.<\/p>\n\n\n\n<p> Desde la Comisi\u00f3n Provincial de Mandamientos y Notificaciones de la AJB resaltaron que \u201clas medidas se llevar\u00e1n adelante en todas las oficinas, delegaciones y Juzgados de Paz de la provincia a fin de evidenciar la insuficiencia del monto de la movilidad fija para realizar nuestra tarea, aprovechando estas jornadas para poner en debate los cambios que pretende implementar la Suprema Corte respecto del sector\u201d.<\/p>\n\n\n\n<p> Adem\u00e1s, informaron que \u201cdurante las asambleas se juntar\u00e1n firmas para la presentaci\u00f3n de un nuevo petitorio a la Corte, que se realizar\u00e1 en el marco de una nueva medida de acci\u00f3n gremial a realizarse los primeros d\u00edas del mes de diciembre\u201d.<\/p>\n\n\n\n<p>Fuente: Campana Noticias<\/p>\n","protected":false},"excerpt":{"rendered":"<p>El 30 y 31 de octubre, los trabajadores del sector realizar\u00e1n asambleas sin diligenciamiento de c\u00e9dulas ni mandamientos en reclamo de la actualizaci\u00f3n de la movilidad. La medida fue resuelta en el marco de la reuni\u00f3n realizada el pasado viernes en la Ciudad Aut\u00f3noma de Buenos Aires, de la que participaron representantes de oficinas de [&hellip;]<\/p>\n","protected":false},"author":4,"featured_media":62434,"comment_status":"open","ping_status":"closed","sticky":false,"template":"","format":"standard","meta":{"om_disable_all_campaigns":false,"_jetpack_memberships_contains_paid_content":false,"footnotes":""},"categories":[621],"tags":[],"class_list":["post-62433","post","type-post","status-publish","format-standard","has-post-thumbnail","hentry","category-regionales"],"aioseo_notices":[],"gutentor_comment":0,"jetpack_featured_media_url":"https:\/\/eldiariodesanpedro.com.ar\/sitio\/wp-content\/uploads\/2019\/10\/20191021025527.jpg","jetpack_shortlink":"https:\/\/wp.me\/p6RhLt-geZ","jetpack_sharing_enabled":true,"_links":{"self":[{"href":"https:\/\/eldiariodesanpedro.com.ar\/sitio\/wp-json\/wp\/v2\/posts\/62433","targetHints":{"allow":["GET"]}}],"collection":[{"href":"https:\/\/eldiariodesanpedro.com.ar\/sitio\/wp-json\/wp\/v2\/posts"}],"about":[{"href":"https:\/\/eldiariodesanpedro.com.ar\/sitio\/wp-json\/wp\/v2\/types\/post"}],"author":[{"embeddable":true,"href":"https:\/\/eldiariodesanpedro.com.ar\/sitio\/wp-json\/wp\/v2\/users\/4"}],"replies":[{"embeddable":true,"href":"https:\/\/eldiariodesanpedro.com.ar\/sitio\/wp-json\/wp\/v2\/comments?post=62433"}],"version-history":[{"count":1,"href":"https:\/\/eldiariodesanpedro.com.ar\/sitio\/wp-json\/wp\/v2\/posts\/62433\/revisions"}],"predecessor-version":[{"id":62435,"href":"https:\/\/eldiariodesanpedro.com.ar\/sitio\/wp-json\/wp\/v2\/posts\/62433\/revisions\/62435"}],"wp:featuredmedia":[{"embeddable":true,"href":"https:\/\/eldiariodesanpedro.com.ar\/sitio\/wp-json\/wp\/v2\/media\/62434"}],"wp:attachment":[{"href":"https:\/\/eldiariodesanpedro.com.ar\/sitio\/wp-json\/wp\/v2\/media?parent=62433"}],"wp:term":[{"taxonomy":"category","embeddable":true,"href":"https:\/\/eldiariodesanpedro.com.ar\/sitio\/wp-json\/wp\/v2\/categories?post=62433"},{"taxonomy":"post_tag","embeddable":true,"href":"https:\/\/eldiariodesanpedro.com.ar\/sitio\/wp-json\/wp\/v2\/tags?post=62433"}],"curies":[{"name":"wp","href":"https:\/\/api.w.org\/{rel}","templated":true}]}}