{"id":62430,"date":"2019-10-22T10:09:39","date_gmt":"2019-10-22T13:09:39","guid":{"rendered":"https:\/\/eldiariodesanpedro.com.ar\/sitio\/?p=62430"},"modified":"2019-10-22T10:09:43","modified_gmt":"2019-10-22T13:09:43","slug":"san-nicolas-elisa-carrio-cerro-la-campana-en-san-nicolas","status":"publish","type":"post","link":"https:\/\/eldiariodesanpedro.com.ar\/sitio\/san-nicolas-elisa-carrio-cerro-la-campana-en-san-nicolas\/","title":{"rendered":"SAN NICOL\u00c1S: Elisa Carri\u00f3 cerr\u00f3 la campa\u00f1a en San Nicol\u00e1s"},"content":{"rendered":"<!-- VideographyWP Plugin Message: Automatic video embedding prevented by plugin options. -->\n\n<p>La diputada Elisa Carri\u00f3 lleg\u00f3 a San Nicol\u00e1s para presentar su libro \u00abVida\u00bb y as\u00ed realizar su \u00faltimo acto de campa\u00f1a previo a las elecciones generales del pr\u00f3ximo domingo. La senadora nicole\u00f1a Elisa Carca fue quien dio la bienvenida ante un auditorio repleto en el Hotel Plaza.<\/p>\n\n\n\n<p> \u00c9sta ser\u00e1 su \u00faltima participaci\u00f3n p\u00fablica de la semana seg\u00fan cont\u00f3 Carri\u00f3, ya que los pr\u00f3ximos d\u00edas los dedicar\u00e1 a rezar hasta el domingo de elecciones. Lilita manifest\u00f3 su entusiasmo y se mostr\u00f3 convencida de que el resultado ser\u00e1 positivo para Juntos por el Cambio y que Macri va a triunfar.<br> En su presentaci\u00f3n, Carri\u00f3 fue muy cr\u00edtica con relaci\u00f3n al gobierno kirchnerista, a An\u00edbal Fern\u00e1ndez, a las pr\u00e1cticas corruptas y a las personas que viven fuera de la ley.<\/p>\n\n\n\n<p> Por otra parte, la diputada dijo que \u00abvengo a hacer campa\u00f1a por la f\u00f3rmula de Macri presidente y Pichetto vicepresidente\u00bb. La Diputada apoy\u00f3 fuertemente adem\u00e1s, la candidatura de la gobernadora Mar\u00eda Eugenia Vidal y de Elisa Carca como senadora. Sin embargo, se distanci\u00f3 de la gesti\u00f3n local de Passaglia, a la cual dijo que no apoya. (Ver SECCI\u00d3N VIDEOS)<br> En sus declaraciones Carri\u00f3 dijo: \u00abLa provincia de Buenos Aires es la demostraci\u00f3n de la lucha entre la resignaci\u00f3n y la fe. Y los bonaerenses no tenemos que dejar sola a Mar\u00eda Eugenia\u00bb.<\/p>\n\n\n\n<p> Luego de la presentaci\u00f3n la diputada salud\u00f3 a los presentes y autografi\u00f3 algunos ejemplares.<\/p>\n\n\n\n<p> Fuente: Diario El Informante<\/p>\n","protected":false},"excerpt":{"rendered":"<p>La diputada Elisa Carri\u00f3 lleg\u00f3 a San Nicol\u00e1s para presentar su libro \u00abVida\u00bb y as\u00ed realizar su \u00faltimo acto de campa\u00f1a previo a las elecciones generales del pr\u00f3ximo domingo. La senadora nicole\u00f1a Elisa Carca fue quien dio la bienvenida ante un auditorio repleto en el Hotel Plaza. \u00c9sta ser\u00e1 su \u00faltima participaci\u00f3n p\u00fablica de la [&hellip;]<\/p>\n","protected":false},"author":4,"featured_media":62431,"comment_status":"open","ping_status":"closed","sticky":false,"template":"","format":"standard","meta":{"om_disable_all_campaigns":false,"_jetpack_memberships_contains_paid_content":false,"footnotes":""},"categories":[621],"tags":[],"class_list":["post-62430","post","type-post","status-publish","format-standard","has-post-thumbnail","hentry","category-regionales"],"aioseo_notices":[],"gutentor_comment":0,"jetpack_featured_media_url":"https:\/\/eldiariodesanpedro.com.ar\/sitio\/wp-content\/uploads\/2019\/10\/PAGINA-6-2.jpg","jetpack_shortlink":"https:\/\/wp.me\/p6RhLt-geW","jetpack_sharing_enabled":true,"_links":{"self":[{"href":"https:\/\/eldiariodesanpedro.com.ar\/sitio\/wp-json\/wp\/v2\/posts\/62430","targetHints":{"allow":["GET"]}}],"collection":[{"href":"https:\/\/eldiariodesanpedro.com.ar\/sitio\/wp-json\/wp\/v2\/posts"}],"about":[{"href":"https:\/\/eldiariodesanpedro.com.ar\/sitio\/wp-json\/wp\/v2\/types\/post"}],"author":[{"embeddable":true,"href":"https:\/\/eldiariodesanpedro.com.ar\/sitio\/wp-json\/wp\/v2\/users\/4"}],"replies":[{"embeddable":true,"href":"https:\/\/eldiariodesanpedro.com.ar\/sitio\/wp-json\/wp\/v2\/comments?post=62430"}],"version-history":[{"count":1,"href":"https:\/\/eldiariodesanpedro.com.ar\/sitio\/wp-json\/wp\/v2\/posts\/62430\/revisions"}],"predecessor-version":[{"id":62432,"href":"https:\/\/eldiariodesanpedro.com.ar\/sitio\/wp-json\/wp\/v2\/posts\/62430\/revisions\/62432"}],"wp:featuredmedia":[{"embeddable":true,"href":"https:\/\/eldiariodesanpedro.com.ar\/sitio\/wp-json\/wp\/v2\/media\/62431"}],"wp:attachment":[{"href":"https:\/\/eldiariodesanpedro.com.ar\/sitio\/wp-json\/wp\/v2\/media?parent=62430"}],"wp:term":[{"taxonomy":"category","embeddable":true,"href":"https:\/\/eldiariodesanpedro.com.ar\/sitio\/wp-json\/wp\/v2\/categories?post=62430"},{"taxonomy":"post_tag","embeddable":true,"href":"https:\/\/eldiariodesanpedro.com.ar\/sitio\/wp-json\/wp\/v2\/tags?post=62430"}],"curies":[{"name":"wp","href":"https:\/\/api.w.org\/{rel}","templated":true}]}}