{"id":62427,"date":"2019-10-22T09:51:42","date_gmt":"2019-10-22T12:51:42","guid":{"rendered":"https:\/\/eldiariodesanpedro.com.ar\/sitio\/?p=62427"},"modified":"2019-10-22T09:51:46","modified_gmt":"2019-10-22T12:51:46","slug":"inta-informa-finalizo-el-servicio-de-alarma-para-control-de-heladas","status":"publish","type":"post","link":"https:\/\/eldiariodesanpedro.com.ar\/sitio\/inta-informa-finalizo-el-servicio-de-alarma-para-control-de-heladas\/","title":{"rendered":"INTA INFORMA | Finaliz\u00f3 el Servicio de alarma para control de heladas"},"content":{"rendered":"<!-- VideographyWP Plugin Message: Automatic video embedding prevented by plugin options. -->\n\n<p>En su 22\u00b0 edici\u00f3n, el servicio tuvo ocho noches de acompa\u00f1amiento y tres jornadas relevantes por los valores alcanzados (inferiores a -3,5C\u00b0) y la duraci\u00f3n del fen\u00f3meno.<\/p>\n\n\n\n<p> El servicio se concret\u00f3 entre el 1 de agosto y mediados de octubre, \u00e9poca en que los frutales de carozo y los ar\u00e1ndanos se ven afectados si ocurren heladas tard\u00edas. De las 8 noches del servicio, s\u00f3lo 6 alcanzaron registros t\u00e9rmicos donde la temperatura m\u00ednima en intemperie a 1,5 m de altura descendi\u00f3 hacia valores negativos. La helada del 4 de Septiembre aparece como el evento m\u00e1s significativo con valores inferiores a 0 \u00baC durante poco m\u00e1s de 8 horas y media (entre las 23:10 del d\u00eda 3 y las 07:50 hs del d\u00eda 4), alcanzando una m\u00ednima de -3,8 \u00ba C a las 07:20 hs. El d\u00eda previo con una marca m\u00ednima de -3.9 \u00b0C y el posterior con -3.5 \u00b0C, fueron las otras jornadas relevantes.<\/p>\n\n\n\n<p> El servicio se concret\u00f3 a trav\u00e9s del env\u00edo de informaci\u00f3n horaria por Whatsapp, a una lista de destinatarios registrados, as\u00ed como la publicaci\u00f3n de la misma informaci\u00f3n por la cuenta de Twitter @intaheladas, y en el Facebook institucional (INTA San Pedro). Los datos informados correspondieron a los de temperatura en intemperie a 1,5 m de altura, humedad relativa, y velocidad y direcci\u00f3n del viento, registrados en el Observatorio Agrometeorol\u00f3gico de la EEA San Pedro.<\/p>\n\n\n\n<p> El acompa\u00f1amiento de los medios de comunicaci\u00f3n locales y regionales al d\u00eda siguiente a la vigilia, es un aporte valioso al servicio. A trav\u00e9s de ellos, se comparte el informe de un t\u00e9cnico de INTA sobre las consecuencias del fen\u00f3meno ocurrido, que seg\u00fan la intensidad, incluye recorridas para observar los posibles da\u00f1os provocados.<\/p>\n","protected":false},"excerpt":{"rendered":"<p>En su 22\u00b0 edici\u00f3n, el servicio tuvo ocho noches de acompa\u00f1amiento y tres jornadas relevantes por los valores alcanzados (inferiores a -3,5C\u00b0) y la duraci\u00f3n del fen\u00f3meno. El servicio se concret\u00f3 entre el 1 de agosto y mediados de octubre, \u00e9poca en que los frutales de carozo y los ar\u00e1ndanos se ven afectados si ocurren [&hellip;]<\/p>\n","protected":false},"author":4,"featured_media":62428,"comment_status":"open","ping_status":"closed","sticky":false,"template":"","format":"standard","meta":{"om_disable_all_campaigns":false,"_jetpack_memberships_contains_paid_content":false,"footnotes":""},"categories":[101,2],"tags":[],"class_list":["post-62427","post","type-post","status-publish","format-standard","has-post-thumbnail","hentry","category-interes-general-locales","category-locales"],"aioseo_notices":[],"gutentor_comment":0,"jetpack_featured_media_url":"https:\/\/eldiariodesanpedro.com.ar\/sitio\/wp-content\/uploads\/2019\/10\/unnamed-2.jpg","jetpack_shortlink":"https:\/\/wp.me\/p6RhLt-geT","jetpack_sharing_enabled":true,"_links":{"self":[{"href":"https:\/\/eldiariodesanpedro.com.ar\/sitio\/wp-json\/wp\/v2\/posts\/62427","targetHints":{"allow":["GET"]}}],"collection":[{"href":"https:\/\/eldiariodesanpedro.com.ar\/sitio\/wp-json\/wp\/v2\/posts"}],"about":[{"href":"https:\/\/eldiariodesanpedro.com.ar\/sitio\/wp-json\/wp\/v2\/types\/post"}],"author":[{"embeddable":true,"href":"https:\/\/eldiariodesanpedro.com.ar\/sitio\/wp-json\/wp\/v2\/users\/4"}],"replies":[{"embeddable":true,"href":"https:\/\/eldiariodesanpedro.com.ar\/sitio\/wp-json\/wp\/v2\/comments?post=62427"}],"version-history":[{"count":1,"href":"https:\/\/eldiariodesanpedro.com.ar\/sitio\/wp-json\/wp\/v2\/posts\/62427\/revisions"}],"predecessor-version":[{"id":62429,"href":"https:\/\/eldiariodesanpedro.com.ar\/sitio\/wp-json\/wp\/v2\/posts\/62427\/revisions\/62429"}],"wp:featuredmedia":[{"embeddable":true,"href":"https:\/\/eldiariodesanpedro.com.ar\/sitio\/wp-json\/wp\/v2\/media\/62428"}],"wp:attachment":[{"href":"https:\/\/eldiariodesanpedro.com.ar\/sitio\/wp-json\/wp\/v2\/media?parent=62427"}],"wp:term":[{"taxonomy":"category","embeddable":true,"href":"https:\/\/eldiariodesanpedro.com.ar\/sitio\/wp-json\/wp\/v2\/categories?post=62427"},{"taxonomy":"post_tag","embeddable":true,"href":"https:\/\/eldiariodesanpedro.com.ar\/sitio\/wp-json\/wp\/v2\/tags?post=62427"}],"curies":[{"name":"wp","href":"https:\/\/api.w.org\/{rel}","templated":true}]}}