{"id":6242,"date":"2016-07-21T18:49:35","date_gmt":"2016-07-21T21:49:35","guid":{"rendered":"https:\/\/eldiariodesanpedro.com.ar\/sitio\/?p=6242"},"modified":"2016-07-21T18:49:35","modified_gmt":"2016-07-21T21:49:35","slug":"encuentran-en-san-pedro-una-menor-desaparecida-de-baradero","status":"publish","type":"post","link":"https:\/\/eldiariodesanpedro.com.ar\/sitio\/encuentran-en-san-pedro-una-menor-desaparecida-de-baradero\/","title":{"rendered":"Encuentran en San Pedro una menor desaparecida de Baradero"},"content":{"rendered":"<p><!-- VideographyWP Plugin Message: Automatic video embedding prevented by plugin options. --><br \/>\nLa menor Antonela P\u00e9rez, no volvi\u00f3 el martes por la noche al Hogar del Ni\u00f1o Juan XXIII, esto gener\u00f3 gran preocupaci\u00f3n y la posterior denuncia policial para que las fuerzas de seguridad en su conjunto inicien las tareas de b\u00fasqueda, lo cual fue acompa\u00f1ado de la difusi\u00f3n en los medios para obtener la colaboraci\u00f3n de los vecinos, ya que ante este tipo de situaciones se sigue un determinado protocolo donde ninguna hip\u00f3tesis es descartada.<br \/>\nTrabajaron buscando a la joven,  personal del Departamento De Drogas Ilegales de la provincia de San Juan, Escuadra Canina \u201cSAN JUAN\u201d,  Secretar\u00eda De Seguridad de Escobar, Polic\u00eda Local Escobar, Escuadra Can, Alfa Madra y al personal de B\u00fasqueda Y Rescate Campana Escuadra Can, Alfa Madra, personal Estaci\u00f3n Polic\u00eda Baradero, Destacamento Alsina, y personal Sub DDI Baradero San Pedro. A las 17 hs del mi\u00e9rcoles fue encontrada en el domicilio de un joven en la localidad de San Pedro.<\/p>\n","protected":false},"excerpt":{"rendered":"<p>La menor Antonela P\u00e9rez, no volvi\u00f3 el martes por la noche al Hogar del Ni\u00f1o Juan XXIII, esto gener\u00f3 gran preocupaci\u00f3n y la posterior denuncia policial para que las fuerzas de seguridad en su conjunto inicien las tareas de b\u00fasqueda, lo cual fue acompa\u00f1ado de la difusi\u00f3n en los medios para obtener la colaboraci\u00f3n de [&hellip;]<\/p>\n","protected":false},"author":4,"featured_media":6243,"comment_status":"open","ping_status":"closed","sticky":false,"template":"","format":"standard","meta":{"om_disable_all_campaigns":false,"_jetpack_memberships_contains_paid_content":false,"footnotes":""},"categories":[50,101,2],"tags":[],"class_list":["post-6242","post","type-post","status-publish","format-standard","has-post-thumbnail","hentry","category-destacadas","category-interes-general-locales","category-locales"],"aioseo_notices":[],"gutentor_comment":0,"jetpack_featured_media_url":"https:\/\/eldiariodesanpedro.com.ar\/sitio\/wp-content\/uploads\/2016\/07\/PAGINA-4-1-1.jpg","jetpack_shortlink":"https:\/\/wp.me\/p6RhLt-1CG","jetpack_sharing_enabled":true,"_links":{"self":[{"href":"https:\/\/eldiariodesanpedro.com.ar\/sitio\/wp-json\/wp\/v2\/posts\/6242","targetHints":{"allow":["GET"]}}],"collection":[{"href":"https:\/\/eldiariodesanpedro.com.ar\/sitio\/wp-json\/wp\/v2\/posts"}],"about":[{"href":"https:\/\/eldiariodesanpedro.com.ar\/sitio\/wp-json\/wp\/v2\/types\/post"}],"author":[{"embeddable":true,"href":"https:\/\/eldiariodesanpedro.com.ar\/sitio\/wp-json\/wp\/v2\/users\/4"}],"replies":[{"embeddable":true,"href":"https:\/\/eldiariodesanpedro.com.ar\/sitio\/wp-json\/wp\/v2\/comments?post=6242"}],"version-history":[{"count":1,"href":"https:\/\/eldiariodesanpedro.com.ar\/sitio\/wp-json\/wp\/v2\/posts\/6242\/revisions"}],"predecessor-version":[{"id":6244,"href":"https:\/\/eldiariodesanpedro.com.ar\/sitio\/wp-json\/wp\/v2\/posts\/6242\/revisions\/6244"}],"wp:featuredmedia":[{"embeddable":true,"href":"https:\/\/eldiariodesanpedro.com.ar\/sitio\/wp-json\/wp\/v2\/media\/6243"}],"wp:attachment":[{"href":"https:\/\/eldiariodesanpedro.com.ar\/sitio\/wp-json\/wp\/v2\/media?parent=6242"}],"wp:term":[{"taxonomy":"category","embeddable":true,"href":"https:\/\/eldiariodesanpedro.com.ar\/sitio\/wp-json\/wp\/v2\/categories?post=6242"},{"taxonomy":"post_tag","embeddable":true,"href":"https:\/\/eldiariodesanpedro.com.ar\/sitio\/wp-json\/wp\/v2\/tags?post=6242"}],"curies":[{"name":"wp","href":"https:\/\/api.w.org\/{rel}","templated":true}]}}