{"id":62408,"date":"2019-10-22T09:28:14","date_gmt":"2019-10-22T12:28:14","guid":{"rendered":"https:\/\/eldiariodesanpedro.com.ar\/sitio\/?p=62408"},"modified":"2019-10-22T09:28:19","modified_gmt":"2019-10-22T12:28:19","slug":"jornadas-de-emergencia-neonatales","status":"publish","type":"post","link":"https:\/\/eldiariodesanpedro.com.ar\/sitio\/jornadas-de-emergencia-neonatales\/","title":{"rendered":"Jornadas de Emergencia Neonatales"},"content":{"rendered":"<!-- VideographyWP Plugin Message: Automatic video embedding prevented by plugin options. -->\n\n<p> La Secretar\u00eda de Salud de la Municipalidad de San Pedro BA con el apoyo del C\u00edrculo M\u00e9dico organiza este martes 22 de octubre desde las 9 hs en el Hospital Emilio Ruffa.<\/p>\n\n\n\n<p>La capacitaci\u00f3n est\u00e1 incluida en el programa ACORN (Acute Care of a Risk of Newborns) con la articulaci\u00f3n con la Sociedad Argentina de Pediatr\u00eda, para ense\u00f1ar la estabilizaci\u00f3n neonatal mediante un equipo multidisciplinario.<\/p>\n\n\n\n<p> Con un extenso temario destinado a quienes son parte de este tipo de intervenci\u00f3n profesional, la actividad tendr\u00e1 lugar en el nosocomio durante toda la jornada. Participar\u00e1n, pediatras, obstetras, ginec\u00f3logas y enfermeras en una jornada te\u00f3rico-pr\u00e1ctica. <\/p>\n\n\n\n<p><\/p>\n","protected":false},"excerpt":{"rendered":"<p>La Secretar\u00eda de Salud de la Municipalidad de San Pedro BA con el apoyo del C\u00edrculo M\u00e9dico organiza este martes 22 de octubre desde las 9 hs en el Hospital Emilio Ruffa. La capacitaci\u00f3n est\u00e1 incluida en el programa ACORN (Acute Care of a Risk of Newborns) con la articulaci\u00f3n con la Sociedad Argentina de [&hellip;]<\/p>\n","protected":false},"author":4,"featured_media":62409,"comment_status":"open","ping_status":"closed","sticky":false,"template":"","format":"standard","meta":{"om_disable_all_campaigns":false,"_jetpack_memberships_contains_paid_content":false,"footnotes":""},"categories":[101,2],"tags":[],"class_list":["post-62408","post","type-post","status-publish","format-standard","has-post-thumbnail","hentry","category-interes-general-locales","category-locales"],"aioseo_notices":[],"gutentor_comment":0,"jetpack_featured_media_url":"https:\/\/eldiariodesanpedro.com.ar\/sitio\/wp-content\/uploads\/2019\/10\/73051638_2530185733742753_4823819121806278656_n.jpg","jetpack_shortlink":"https:\/\/wp.me\/p6RhLt-geA","jetpack_sharing_enabled":true,"_links":{"self":[{"href":"https:\/\/eldiariodesanpedro.com.ar\/sitio\/wp-json\/wp\/v2\/posts\/62408","targetHints":{"allow":["GET"]}}],"collection":[{"href":"https:\/\/eldiariodesanpedro.com.ar\/sitio\/wp-json\/wp\/v2\/posts"}],"about":[{"href":"https:\/\/eldiariodesanpedro.com.ar\/sitio\/wp-json\/wp\/v2\/types\/post"}],"author":[{"embeddable":true,"href":"https:\/\/eldiariodesanpedro.com.ar\/sitio\/wp-json\/wp\/v2\/users\/4"}],"replies":[{"embeddable":true,"href":"https:\/\/eldiariodesanpedro.com.ar\/sitio\/wp-json\/wp\/v2\/comments?post=62408"}],"version-history":[{"count":1,"href":"https:\/\/eldiariodesanpedro.com.ar\/sitio\/wp-json\/wp\/v2\/posts\/62408\/revisions"}],"predecessor-version":[{"id":62410,"href":"https:\/\/eldiariodesanpedro.com.ar\/sitio\/wp-json\/wp\/v2\/posts\/62408\/revisions\/62410"}],"wp:featuredmedia":[{"embeddable":true,"href":"https:\/\/eldiariodesanpedro.com.ar\/sitio\/wp-json\/wp\/v2\/media\/62409"}],"wp:attachment":[{"href":"https:\/\/eldiariodesanpedro.com.ar\/sitio\/wp-json\/wp\/v2\/media?parent=62408"}],"wp:term":[{"taxonomy":"category","embeddable":true,"href":"https:\/\/eldiariodesanpedro.com.ar\/sitio\/wp-json\/wp\/v2\/categories?post=62408"},{"taxonomy":"post_tag","embeddable":true,"href":"https:\/\/eldiariodesanpedro.com.ar\/sitio\/wp-json\/wp\/v2\/tags?post=62408"}],"curies":[{"name":"wp","href":"https:\/\/api.w.org\/{rel}","templated":true}]}}