{"id":62404,"date":"2019-10-22T09:20:24","date_gmt":"2019-10-22T12:20:24","guid":{"rendered":"https:\/\/eldiariodesanpedro.com.ar\/sitio\/?p=62404"},"modified":"2019-10-22T09:20:28","modified_gmt":"2019-10-22T12:20:28","slug":"descubren-una-nueva-forma-de-armadura-flexible-en-la-piel-de-los-perezosos-prehistoricos","status":"publish","type":"post","link":"https:\/\/eldiariodesanpedro.com.ar\/sitio\/descubren-una-nueva-forma-de-armadura-flexible-en-la-piel-de-los-perezosos-prehistoricos\/","title":{"rendered":"Descubren una nueva forma de \u201cArmadura Flexible\u201d en la piel de los perezosos prehist\u00f3ricos"},"content":{"rendered":"<!-- VideographyWP Plugin Message: Automatic video embedding prevented by plugin options. -->\n\n<p>El\nhallazgo, publicado internacionalmente por la <strong><em>Journal of South American Earth\nScience<\/em><\/strong>, lo realiz\u00f3 el Museo Paleontol\u00f3gico de San Pedro y podr\u00eda\nintroducir cambios en el estudio de estos animales<\/p>\n\n\n\n<p>Hace tiempo que\nlos paleont\u00f3logos saben que ciertos g\u00e9neros de perezosos prehist\u00f3ricos\ndesarrollaron una intrincada red de peque\u00f1os huesos d\u00e9rmicos llamados <strong>osteodermos<\/strong> para fortalecer su piel\nante el ataque de los depredadores. De esa forma, animales como los Milodontes\no los Glosoterios, lograban disminuir las heridas provocadas por sus atacantes.\n<\/p>\n\n\n\n<p>En San Pedro, a unos 170 km de Buenos Aires, el equipo del Museo Paleontol\u00f3gico \u201cFray Manuel de Torres\u201d, una instituci\u00f3n especializada en f\u00f3siles de grandes mam\u00edferos prehist\u00f3ricos, ha descubierto <strong>una nueva forma de armadura flexible<\/strong> en el cuerpo de un perezoso desconocido.<\/p>\n\n\n\n<p><strong>EL LUGAR Y EL HALLAZGO<\/strong><\/p>\n\n\n\n<p>El lugar donde se hallaron las piezas es un campo propiedad de la firma arenera Sp\u00f3sito S.A., un \u00e1rea de barrancas y cortadas naturales que ha aportado numerosos e importantes f\u00f3siles a la colecci\u00f3n del museo. El sitio, enmarcado por extensos humedales, es un lugar propicio para el trabajo del <strong>Grupo Conservacionista de F\u00f3siles<\/strong>, equipo del museo de San Pedro. All\u00ed, en sedimentos depositados hace <strong>m\u00e1s de 500.000 a\u00f1os<\/strong>, se descubri\u00f3 un grupo de m\u00e1s de 130 huesillos d\u00e9rmicos de un perezoso gigante.<\/p>\n\n\n\n<p>Jos\u00e9 Luis Aguilar, impulsor del Museo Paleontol\u00f3gico de San Pedro y descubridor de las peque\u00f1as piezas f\u00f3siles, explica al respecto: \u201cLa presencia de estos peque\u00f1os huesitos llamados osteodermos en la piel de aquellos grandes perezosos se conoce desde hace tiempo. En los Milodontes, estos huesitos siguen un patr\u00f3n globoso, casi sin irregularidades. En los Glosoterios, esa forma general es algo aplanada, arri\u00f1onada. Este grupo que acabamos de encontrar en Campo Sp\u00f3sito posee un patr\u00f3n geom\u00e9trico definido. Diferente a todo lo conocido. Una forma octa\u00e9drica, bipiramidal. Como dos pir\u00e1mides unidas por su base. Entre el grupo de estos 130 osteodermos que pudimos recuperar en ese sedimento, los hay desde unos 3 hasta unos 13 mil\u00edmetros de largo.<br> <\/p>\n\n\n\n<p>Basados en observaciones de este tipo de formaciones en la piel de los perezosos prehist\u00f3ricos, ahora potenciadas con este descubrimiento, desde el Museo no tenemos dudas que la forma de estos particulares huesillos era propia de cada g\u00e9nero. Es decir, que cada g\u00e9nero de perezoso desarrollaba una forma particular en los osteodermos de su piel. Cada g\u00e9nero ten\u00eda una forma distinta de armadura flexible embebida en el cuero<br> que cubr\u00eda al animal.<\/p>\n\n\n\n<p><em>Con este descubrimiento, si bien no sabemos a qu\u00e9 perezoso\nperteneci\u00f3 este conjunto de osteodermos, se refuerza esta idea ya que empezamos\na conocer que hab\u00eda variados patrones de forma en la piel de estos grandes\nmam\u00edferos f\u00f3siles\u201d. <\/em><\/p>\n\n\n\n<p>El art\u00edculo donde se describe esta nueva forma de armadura flexible para la comunidad cient\u00edfica mundial acaba de ser publicado por la <strong>Journal of South American Earth Sciences<\/strong>, revista especializada de relevancia internacional. El trabajo est\u00e1 firmado por Luciano Brambilla (Universidad de Rosario), Augusto Haro (Universidad Nacional de C\u00f3rdoba), Marcelo Toledo (Instituto de Geociencias de Buenos Aires) y Jos\u00e9 Luis Aguilar (Museo Paleontol\u00f3gico de San Pedro). <\/p>\n\n\n\n<p> El investigador <strong>Dr. Luciano Brambilla (UNR)<\/strong>, se\u00f1ala que <em>\u201ccomo la forma externa de los huesos de la piel de este antiguo perezoso es tan particular a simple vista, tambi\u00e9n estudiamos la estructura interna a nivel microsc\u00f3pico. Cortamos finas l\u00e1minas a partir de algunos de los huesitos bipiramidales y descubrimos que el patr\u00f3n de fibras observado en estos osteodermos era muy denso y novedoso, algo que tambi\u00e9n ayuda a caracterizar a estos peque\u00f1os elementos. Es un enigma a\u00fan por responder a qu\u00e9 especie de animal pertenecieron porque <strong>no hay en las colecciones nada que se parezca a estos osteodermos<\/strong>. Mas a\u00fan, es relativamente poco el conocimiento que tenemos sobre perezosos de tanta antig\u00fcedad como los que se encuentran en los yacimientos de San Pedro y reci\u00e9n comenzamos a entender aspectos de su naturaleza y diversidad\u201d. <\/em><\/p>\n\n\n\n<ul class=\"wp-block-gallery columns-2 is-cropped wp-block-gallery-1 is-layout-flex wp-block-gallery-is-layout-flex\"><li class=\"blocks-gallery-item\"><figure><img decoding=\"async\" width=\"1024\" height=\"576\" data-attachment-id=\"62405\" data-permalink=\"https:\/\/eldiariodesanpedro.com.ar\/sitio\/descubren-una-nueva-forma-de-armadura-flexible-en-la-piel-de-los-perezosos-prehistoricos\/campo-sposito\/\" data-orig-file=\"https:\/\/eldiariodesanpedro.com.ar\/sitio\/wp-content\/uploads\/2019\/10\/CAMPO-SP\u00d3SITO.jpg\" data-orig-size=\"3840,2160\" data-comments-opened=\"1\" data-image-meta=\"{&quot;aperture&quot;:&quot;2&quot;,&quot;credit&quot;:&quot;&quot;,&quot;camera&quot;:&quot;LG-X230&quot;,&quot;caption&quot;:&quot;&quot;,&quot;created_timestamp&quot;:&quot;1530280674&quot;,&quot;copyright&quot;:&quot;&quot;,&quot;focal_length&quot;:&quot;3.5&quot;,&quot;iso&quot;:&quot;135&quot;,&quot;shutter_speed&quot;:&quot;0.000713&quot;,&quot;title&quot;:&quot;&quot;,&quot;orientation&quot;:&quot;1&quot;}\" data-image-title=\"CAMPO SP\u00d3SITO\" data-image-description=\"\" data-image-caption=\"\" data-large-file=\"https:\/\/eldiariodesanpedro.com.ar\/sitio\/wp-content\/uploads\/2019\/10\/CAMPO-SP\u00d3SITO-1024x576.jpg\" data-src=\"https:\/\/eldiariodesanpedro.com.ar\/sitio\/wp-content\/uploads\/2019\/10\/CAMPO-SP\u00d3SITO-1024x576.jpg\" alt=\"\" data-id=\"62405\" data-link=\"https:\/\/eldiariodesanpedro.com.ar\/sitio\/?attachment_id=62405\" class=\"wp-image-62405 lazyload\" data-srcset=\"https:\/\/eldiariodesanpedro.com.ar\/sitio\/wp-content\/uploads\/2019\/10\/CAMPO-SP\u00d3SITO-1024x576.jpg 1024w, https:\/\/eldiariodesanpedro.com.ar\/sitio\/wp-content\/uploads\/2019\/10\/CAMPO-SP\u00d3SITO-300x169.jpg 300w, https:\/\/eldiariodesanpedro.com.ar\/sitio\/wp-content\/uploads\/2019\/10\/CAMPO-SP\u00d3SITO-768x432.jpg 768w\" data-sizes=\"(max-width: 1024px) 100vw, 1024px\" src=\"data:image\/svg+xml;base64,PHN2ZyB3aWR0aD0iMSIgaGVpZ2h0PSIxIiB4bWxucz0iaHR0cDovL3d3dy53My5vcmcvMjAwMC9zdmciPjwvc3ZnPg==\" style=\"--smush-placeholder-width: 1024px; --smush-placeholder-aspect-ratio: 1024\/576;\" \/><\/figure><\/li><li class=\"blocks-gallery-item\"><figure><img decoding=\"async\" width=\"1024\" height=\"778\" data-attachment-id=\"62406\" data-permalink=\"https:\/\/eldiariodesanpedro.com.ar\/sitio\/descubren-una-nueva-forma-de-armadura-flexible-en-la-piel-de-los-perezosos-prehistoricos\/corte-para-el-microscopio\/\" data-orig-file=\"https:\/\/eldiariodesanpedro.com.ar\/sitio\/wp-content\/uploads\/2019\/10\/CORTE-PARA-EL-MICROSCOPIO.jpg\" data-orig-size=\"1280,972\" data-comments-opened=\"1\" data-image-meta=\"{&quot;aperture&quot;:&quot;0&quot;,&quot;credit&quot;:&quot;&quot;,&quot;camera&quot;:&quot;&quot;,&quot;caption&quot;:&quot;&quot;,&quot;created_timestamp&quot;:&quot;0&quot;,&quot;copyright&quot;:&quot;&quot;,&quot;focal_length&quot;:&quot;0&quot;,&quot;iso&quot;:&quot;0&quot;,&quot;shutter_speed&quot;:&quot;0&quot;,&quot;title&quot;:&quot;&quot;,&quot;orientation&quot;:&quot;0&quot;}\" data-image-title=\"CORTE PARA EL MICROSCOPIO\" data-image-description=\"\" data-image-caption=\"\" data-large-file=\"https:\/\/eldiariodesanpedro.com.ar\/sitio\/wp-content\/uploads\/2019\/10\/CORTE-PARA-EL-MICROSCOPIO-1024x778.jpg\" data-src=\"https:\/\/eldiariodesanpedro.com.ar\/sitio\/wp-content\/uploads\/2019\/10\/CORTE-PARA-EL-MICROSCOPIO-1024x778.jpg\" alt=\"\" data-id=\"62406\" data-link=\"https:\/\/eldiariodesanpedro.com.ar\/sitio\/?attachment_id=62406\" class=\"wp-image-62406 lazyload\" data-srcset=\"https:\/\/eldiariodesanpedro.com.ar\/sitio\/wp-content\/uploads\/2019\/10\/CORTE-PARA-EL-MICROSCOPIO-1024x778.jpg 1024w, https:\/\/eldiariodesanpedro.com.ar\/sitio\/wp-content\/uploads\/2019\/10\/CORTE-PARA-EL-MICROSCOPIO-300x228.jpg 300w, https:\/\/eldiariodesanpedro.com.ar\/sitio\/wp-content\/uploads\/2019\/10\/CORTE-PARA-EL-MICROSCOPIO-768x583.jpg 768w, https:\/\/eldiariodesanpedro.com.ar\/sitio\/wp-content\/uploads\/2019\/10\/CORTE-PARA-EL-MICROSCOPIO.jpg 1280w\" data-sizes=\"(max-width: 1024px) 100vw, 1024px\" src=\"data:image\/svg+xml;base64,PHN2ZyB3aWR0aD0iMSIgaGVpZ2h0PSIxIiB4bWxucz0iaHR0cDovL3d3dy53My5vcmcvMjAwMC9zdmciPjwvc3ZnPg==\" style=\"--smush-placeholder-width: 1024px; --smush-placeholder-aspect-ratio: 1024\/778;\" \/><\/figure><\/li><\/ul>\n","protected":false},"excerpt":{"rendered":"<p>El hallazgo, publicado internacionalmente por la Journal of South American Earth Science, lo realiz\u00f3 el Museo Paleontol\u00f3gico de San Pedro y podr\u00eda introducir cambios en el estudio de estos animales Hace tiempo que los paleont\u00f3logos saben que ciertos g\u00e9neros de perezosos prehist\u00f3ricos desarrollaron una intrincada red de peque\u00f1os huesos d\u00e9rmicos llamados osteodermos para fortalecer su [&hellip;]<\/p>\n","protected":false},"author":4,"featured_media":62406,"comment_status":"open","ping_status":"closed","sticky":false,"template":"","format":"standard","meta":{"om_disable_all_campaigns":false,"_jetpack_memberships_contains_paid_content":false,"footnotes":""},"categories":[101,2],"tags":[],"class_list":["post-62404","post","type-post","status-publish","format-standard","has-post-thumbnail","hentry","category-interes-general-locales","category-locales"],"aioseo_notices":[],"gutentor_comment":0,"jetpack_featured_media_url":"https:\/\/eldiariodesanpedro.com.ar\/sitio\/wp-content\/uploads\/2019\/10\/CORTE-PARA-EL-MICROSCOPIO.jpg","jetpack_shortlink":"https:\/\/wp.me\/p6RhLt-gew","jetpack_sharing_enabled":true,"_links":{"self":[{"href":"https:\/\/eldiariodesanpedro.com.ar\/sitio\/wp-json\/wp\/v2\/posts\/62404","targetHints":{"allow":["GET"]}}],"collection":[{"href":"https:\/\/eldiariodesanpedro.com.ar\/sitio\/wp-json\/wp\/v2\/posts"}],"about":[{"href":"https:\/\/eldiariodesanpedro.com.ar\/sitio\/wp-json\/wp\/v2\/types\/post"}],"author":[{"embeddable":true,"href":"https:\/\/eldiariodesanpedro.com.ar\/sitio\/wp-json\/wp\/v2\/users\/4"}],"replies":[{"embeddable":true,"href":"https:\/\/eldiariodesanpedro.com.ar\/sitio\/wp-json\/wp\/v2\/comments?post=62404"}],"version-history":[{"count":1,"href":"https:\/\/eldiariodesanpedro.com.ar\/sitio\/wp-json\/wp\/v2\/posts\/62404\/revisions"}],"predecessor-version":[{"id":62407,"href":"https:\/\/eldiariodesanpedro.com.ar\/sitio\/wp-json\/wp\/v2\/posts\/62404\/revisions\/62407"}],"wp:featuredmedia":[{"embeddable":true,"href":"https:\/\/eldiariodesanpedro.com.ar\/sitio\/wp-json\/wp\/v2\/media\/62406"}],"wp:attachment":[{"href":"https:\/\/eldiariodesanpedro.com.ar\/sitio\/wp-json\/wp\/v2\/media?parent=62404"}],"wp:term":[{"taxonomy":"category","embeddable":true,"href":"https:\/\/eldiariodesanpedro.com.ar\/sitio\/wp-json\/wp\/v2\/categories?post=62404"},{"taxonomy":"post_tag","embeddable":true,"href":"https:\/\/eldiariodesanpedro.com.ar\/sitio\/wp-json\/wp\/v2\/tags?post=62404"}],"curies":[{"name":"wp","href":"https:\/\/api.w.org\/{rel}","templated":true}]}}