{"id":62402,"date":"2019-10-22T08:33:04","date_gmt":"2019-10-22T11:33:04","guid":{"rendered":"https:\/\/eldiariodesanpedro.com.ar\/sitio\/?p=62402"},"modified":"2019-10-22T08:33:08","modified_gmt":"2019-10-22T11:33:08","slug":"santa-lucia-corte-programado","status":"publish","type":"post","link":"https:\/\/eldiariodesanpedro.com.ar\/sitio\/santa-lucia-corte-programado\/","title":{"rendered":"SANTA LUCIA: Corte programado"},"content":{"rendered":"<!-- VideographyWP Plugin Message: Automatic video embedding prevented by plugin options. -->\n\n<p>COOPSER informa que ma\u00f1ana MIERCOLES 23 de octubre se realizar\u00e1 un corte de servicio el\u00e9ctrico por tareas de mantenimiento en Santa Luc\u00eda\u00a0entre calles Constituci\u00f3n y E.Doyle,\u00a0 entre Libertad y San Lorenzo &#8211;\u00a0Camino del medio. <\/p>\n\n\n\n<p>El mismo se extender\u00e1 entre las 7.15 y las 8.\u00a0En caso de mal tiempo ser\u00e1 reprogramado.<br><\/p>\n","protected":false},"excerpt":{"rendered":"<p>COOPSER informa que ma\u00f1ana MIERCOLES 23 de octubre se realizar\u00e1 un corte de servicio el\u00e9ctrico por tareas de mantenimiento en Santa Luc\u00eda\u00a0entre calles Constituci\u00f3n y E.Doyle,\u00a0 entre Libertad y San Lorenzo &#8211;\u00a0Camino del medio. El mismo se extender\u00e1 entre las 7.15 y las 8.\u00a0En caso de mal tiempo ser\u00e1 reprogramado.<\/p>\n","protected":false},"author":4,"featured_media":55118,"comment_status":"open","ping_status":"closed","sticky":false,"template":"","format":"standard","meta":{"om_disable_all_campaigns":false,"_jetpack_memberships_contains_paid_content":false,"footnotes":""},"categories":[101,2],"tags":[],"class_list":["post-62402","post","type-post","status-publish","format-standard","has-post-thumbnail","hentry","category-interes-general-locales","category-locales"],"aioseo_notices":[],"gutentor_comment":0,"jetpack_featured_media_url":"https:\/\/eldiariodesanpedro.com.ar\/sitio\/wp-content\/uploads\/2019\/06\/Corte-de-luz.jpg","jetpack_shortlink":"https:\/\/wp.me\/p6RhLt-geu","jetpack_sharing_enabled":true,"_links":{"self":[{"href":"https:\/\/eldiariodesanpedro.com.ar\/sitio\/wp-json\/wp\/v2\/posts\/62402","targetHints":{"allow":["GET"]}}],"collection":[{"href":"https:\/\/eldiariodesanpedro.com.ar\/sitio\/wp-json\/wp\/v2\/posts"}],"about":[{"href":"https:\/\/eldiariodesanpedro.com.ar\/sitio\/wp-json\/wp\/v2\/types\/post"}],"author":[{"embeddable":true,"href":"https:\/\/eldiariodesanpedro.com.ar\/sitio\/wp-json\/wp\/v2\/users\/4"}],"replies":[{"embeddable":true,"href":"https:\/\/eldiariodesanpedro.com.ar\/sitio\/wp-json\/wp\/v2\/comments?post=62402"}],"version-history":[{"count":1,"href":"https:\/\/eldiariodesanpedro.com.ar\/sitio\/wp-json\/wp\/v2\/posts\/62402\/revisions"}],"predecessor-version":[{"id":62403,"href":"https:\/\/eldiariodesanpedro.com.ar\/sitio\/wp-json\/wp\/v2\/posts\/62402\/revisions\/62403"}],"wp:featuredmedia":[{"embeddable":true,"href":"https:\/\/eldiariodesanpedro.com.ar\/sitio\/wp-json\/wp\/v2\/media\/55118"}],"wp:attachment":[{"href":"https:\/\/eldiariodesanpedro.com.ar\/sitio\/wp-json\/wp\/v2\/media?parent=62402"}],"wp:term":[{"taxonomy":"category","embeddable":true,"href":"https:\/\/eldiariodesanpedro.com.ar\/sitio\/wp-json\/wp\/v2\/categories?post=62402"},{"taxonomy":"post_tag","embeddable":true,"href":"https:\/\/eldiariodesanpedro.com.ar\/sitio\/wp-json\/wp\/v2\/tags?post=62402"}],"curies":[{"name":"wp","href":"https:\/\/api.w.org\/{rel}","templated":true}]}}