{"id":6239,"date":"2016-07-21T18:47:45","date_gmt":"2016-07-21T21:47:45","guid":{"rendered":"https:\/\/eldiariodesanpedro.com.ar\/sitio\/?p=6239"},"modified":"2016-07-21T18:48:14","modified_gmt":"2016-07-21T21:48:14","slug":"nuestro-compromiso-es-con-el-campo","status":"publish","type":"post","link":"https:\/\/eldiariodesanpedro.com.ar\/sitio\/nuestro-compromiso-es-con-el-campo\/","title":{"rendered":"\u00abNuestro compromiso es con el campo\u00bb"},"content":{"rendered":"<p><!-- VideographyWP Plugin Message: Automatic video embedding prevented by plugin options. --><br \/>\nEste jueves el intendente Cecilio Salazar particip\u00f3 en representaci\u00f3n del Partido Fe y de la Uatre de la jornada \u201cLos Caminos Rurales en Argentina\u00bb que se llev\u00f3 a cabo en La Rural.<br \/>\nEl encuentro abord\u00f3 sobre los caminos rurales, su situaci\u00f3n actual, estrategias de mejoras y financiamiento.<br \/>\nEn este sentido, el sr. intendente destac\u00f3 el acompa\u00f1amiento del Gobierno nacional para las obras a llevar a cabo en San Pedro.<br \/>\nM\u00e1s tarde, Cecilio visit\u00f3 la Matera de la Uatre, donde se realzan los valores del folclore, la tradici\u00f3n y la identidad nacional, remarcando y compartiendo la cultura de Argentina.<\/p>\n","protected":false},"excerpt":{"rendered":"<p>Este jueves el intendente Cecilio Salazar particip\u00f3 en representaci\u00f3n del Partido Fe y de la Uatre de la jornada \u201cLos Caminos Rurales en Argentina\u00bb que se llev\u00f3 a cabo en La Rural. El encuentro abord\u00f3 sobre los caminos rurales, su situaci\u00f3n actual, estrategias de mejoras y financiamiento. En este sentido, el sr. intendente destac\u00f3 el [&hellip;]<\/p>\n","protected":false},"author":4,"featured_media":6240,"comment_status":"open","ping_status":"closed","sticky":false,"template":"","format":"standard","meta":{"om_disable_all_campaigns":false,"_jetpack_memberships_contains_paid_content":false,"footnotes":""},"categories":[50,2,102],"tags":[],"class_list":["post-6239","post","type-post","status-publish","format-standard","has-post-thumbnail","hentry","category-destacadas","category-locales","category-politica-locales"],"aioseo_notices":[],"gutentor_comment":0,"jetpack_featured_media_url":"https:\/\/eldiariodesanpedro.com.ar\/sitio\/wp-content\/uploads\/2016\/07\/Zalazar.jpg","jetpack_shortlink":"https:\/\/wp.me\/p6RhLt-1CD","jetpack_sharing_enabled":true,"_links":{"self":[{"href":"https:\/\/eldiariodesanpedro.com.ar\/sitio\/wp-json\/wp\/v2\/posts\/6239","targetHints":{"allow":["GET"]}}],"collection":[{"href":"https:\/\/eldiariodesanpedro.com.ar\/sitio\/wp-json\/wp\/v2\/posts"}],"about":[{"href":"https:\/\/eldiariodesanpedro.com.ar\/sitio\/wp-json\/wp\/v2\/types\/post"}],"author":[{"embeddable":true,"href":"https:\/\/eldiariodesanpedro.com.ar\/sitio\/wp-json\/wp\/v2\/users\/4"}],"replies":[{"embeddable":true,"href":"https:\/\/eldiariodesanpedro.com.ar\/sitio\/wp-json\/wp\/v2\/comments?post=6239"}],"version-history":[{"count":1,"href":"https:\/\/eldiariodesanpedro.com.ar\/sitio\/wp-json\/wp\/v2\/posts\/6239\/revisions"}],"predecessor-version":[{"id":6241,"href":"https:\/\/eldiariodesanpedro.com.ar\/sitio\/wp-json\/wp\/v2\/posts\/6239\/revisions\/6241"}],"wp:featuredmedia":[{"embeddable":true,"href":"https:\/\/eldiariodesanpedro.com.ar\/sitio\/wp-json\/wp\/v2\/media\/6240"}],"wp:attachment":[{"href":"https:\/\/eldiariodesanpedro.com.ar\/sitio\/wp-json\/wp\/v2\/media?parent=6239"}],"wp:term":[{"taxonomy":"category","embeddable":true,"href":"https:\/\/eldiariodesanpedro.com.ar\/sitio\/wp-json\/wp\/v2\/categories?post=6239"},{"taxonomy":"post_tag","embeddable":true,"href":"https:\/\/eldiariodesanpedro.com.ar\/sitio\/wp-json\/wp\/v2\/tags?post=6239"}],"curies":[{"name":"wp","href":"https:\/\/api.w.org\/{rel}","templated":true}]}}