{"id":62376,"date":"2019-10-21T18:23:58","date_gmt":"2019-10-21T21:23:58","guid":{"rendered":"https:\/\/eldiariodesanpedro.com.ar\/sitio\/?p=62376"},"modified":"2019-10-21T18:29:26","modified_gmt":"2019-10-21T21:29:26","slug":"fuerte-respaldo-de-kicillof-a-ester-noat","status":"publish","type":"post","link":"https:\/\/eldiariodesanpedro.com.ar\/sitio\/fuerte-respaldo-de-kicillof-a-ester-noat\/","title":{"rendered":"Fuerte respaldo de Kicillof a Ester Noat"},"content":{"rendered":"<!-- VideographyWP Plugin Message: Automatic video embedding prevented by plugin options. -->\n\n<p>El  principal oponente de la gobernadora bonaerense y candidata a la reelecci\u00f3n, estuvo en nuestra ciudad este lunes, quien encara su \u00faltimo tramo de campa\u00f1a con recorridos por los distritos y actos de cierre esta semana. <\/p>\n\n\n\n<p>El candidato a gobernador del Frente de Todos encabez\u00f3 un acto en San Pedro, en el camping  Mansa Lyfe, sobre un escenario montado al lado del r\u00edo, junto a la candidata a intendente Ester Noat quien de esta manera cerr\u00f3 oficialmente su campa\u00f1a.<\/p>\n\n\n\n<figure class=\"wp-block-image\"><img decoding=\"async\" width=\"1352\" height=\"640\" data-attachment-id=\"62382\" data-permalink=\"https:\/\/eldiariodesanpedro.com.ar\/sitio\/fuerte-respaldo-de-kicillof-a-ester-noat\/72732584_1108682959340842_5135492859683667968_o\/\" data-orig-file=\"https:\/\/eldiariodesanpedro.com.ar\/sitio\/wp-content\/uploads\/2019\/10\/72732584_1108682959340842_5135492859683667968_o.jpg\" data-orig-size=\"1352,640\" data-comments-opened=\"1\" data-image-meta=\"{&quot;aperture&quot;:&quot;0&quot;,&quot;credit&quot;:&quot;&quot;,&quot;camera&quot;:&quot;&quot;,&quot;caption&quot;:&quot;&quot;,&quot;created_timestamp&quot;:&quot;0&quot;,&quot;copyright&quot;:&quot;&quot;,&quot;focal_length&quot;:&quot;0&quot;,&quot;iso&quot;:&quot;0&quot;,&quot;shutter_speed&quot;:&quot;0&quot;,&quot;title&quot;:&quot;&quot;,&quot;orientation&quot;:&quot;0&quot;}\" data-image-title=\"72732584_1108682959340842_5135492859683667968_o\" data-image-description=\"\" data-image-caption=\"\" data-large-file=\"https:\/\/eldiariodesanpedro.com.ar\/sitio\/wp-content\/uploads\/2019\/10\/72732584_1108682959340842_5135492859683667968_o-1024x485.jpg\" data-src=\"https:\/\/i2.wp.com\/eldiariodesanpedro.com.ar\/sitio\/wp-content\/uploads\/2019\/10\/72732584_1108682959340842_5135492859683667968_o.jpg?fit=660%2C313\" alt=\"\" class=\"wp-image-62382 lazyload\" data-srcset=\"https:\/\/eldiariodesanpedro.com.ar\/sitio\/wp-content\/uploads\/2019\/10\/72732584_1108682959340842_5135492859683667968_o.jpg 1352w, https:\/\/eldiariodesanpedro.com.ar\/sitio\/wp-content\/uploads\/2019\/10\/72732584_1108682959340842_5135492859683667968_o-300x142.jpg 300w, https:\/\/eldiariodesanpedro.com.ar\/sitio\/wp-content\/uploads\/2019\/10\/72732584_1108682959340842_5135492859683667968_o-768x364.jpg 768w, https:\/\/eldiariodesanpedro.com.ar\/sitio\/wp-content\/uploads\/2019\/10\/72732584_1108682959340842_5135492859683667968_o-1024x485.jpg 1024w\" data-sizes=\"(max-width: 1352px) 100vw, 1352px\" src=\"data:image\/svg+xml;base64,PHN2ZyB3aWR0aD0iMSIgaGVpZ2h0PSIxIiB4bWxucz0iaHR0cDovL3d3dy53My5vcmcvMjAwMC9zdmciPjwvc3ZnPg==\" style=\"--smush-placeholder-width: 1352px; --smush-placeholder-aspect-ratio: 1352\/640;\" \/><\/figure>\n\n\n\n<p>Axel brind\u00f3 un fuerte respaldo a la postulante a la Intendencia, como lo hizo en su visita antes de las PASO.<\/p>\n\n\n\n<p>Kicillof record\u00f3 palabras de la gobernadora Vidal sobre \u201clos pobres no llegan a la Universidad\u201d, y pidi\u00f3 que \u201cno se confunda su ideolog\u00eda con la realidad. Si quiere ver si los hijos de los trabajadores van o no a la universidad, que venga a la UNNOBA. La universidad p\u00fablica es una f\u00e1brica de oportunidades, de vidas mejores\u201d.<\/p>\n\n\n\n<p>Tambi\u00e9n, el candidato a gobernador reflexion\u00f3: \u201cLo escuchamos al Presidente andar por todo el pa\u00eds decir \u2018s\u00ed se puede\u2019, aunque todos sabemos que Macri y Vidal no pudieron\u201d<\/p>\n\n\n\n<p>\u201cNos quisieron hacer creer que tener un celular, un plasma, que comer cuatro comidas al d\u00eda, tener alimentos de calidad, pagar la luz\u2026 todo eso era una fantas\u00eda. Trataron de lavarle la cabeza a todo nuestro pueblo, pero hoy estamos en el Frente de Todos para que producir y trabajar sean realidades\u201d, agreg\u00f3.<\/p>\n\n\n\n<p> Tambi\u00e9n resalt\u00f3  la necesidad de votar la boleta completa, consigna que enarbola la militancia local.\u00a0 <\/p>\n\n\n\n<p>\n\nAl final &nbsp;concluy\u00f3: \u201cEs necesario que en la provincia haya candidatos e intendentes  que piense lo mismo y tiren del mismo carro y las pol\u00edticas de la Provincia se apliquen, el intendente tendr\u00e1 que ser una especie de bombero, aun con pocos recursos si pasa algo grave, si hay un incendio va a tener que apagarlo, por eso necesitamos intendentes que est\u00e9n de acuerdo con esto\u00bb\n\n<\/p>\n\n\n\n<p>\u00abEn caso de que ganemos, nos tenemos que poner a trabajar en todos los municipios con las mismas pol\u00edticas, por eso necesitamos que Ester sea intendenta de San Pedro\u00bb.<\/p>\n\n\n\n<figure class=\"wp-block-image\"><img decoding=\"async\" width=\"1352\" height=\"640\" data-attachment-id=\"62383\" data-permalink=\"https:\/\/eldiariodesanpedro.com.ar\/sitio\/fuerte-respaldo-de-kicillof-a-ester-noat\/72973544_1108683266007478_7948249173554364416_o\/\" data-orig-file=\"https:\/\/eldiariodesanpedro.com.ar\/sitio\/wp-content\/uploads\/2019\/10\/72973544_1108683266007478_7948249173554364416_o.jpg\" data-orig-size=\"1352,640\" data-comments-opened=\"1\" data-image-meta=\"{&quot;aperture&quot;:&quot;0&quot;,&quot;credit&quot;:&quot;&quot;,&quot;camera&quot;:&quot;&quot;,&quot;caption&quot;:&quot;&quot;,&quot;created_timestamp&quot;:&quot;0&quot;,&quot;copyright&quot;:&quot;&quot;,&quot;focal_length&quot;:&quot;0&quot;,&quot;iso&quot;:&quot;0&quot;,&quot;shutter_speed&quot;:&quot;0&quot;,&quot;title&quot;:&quot;&quot;,&quot;orientation&quot;:&quot;0&quot;}\" data-image-title=\"72973544_1108683266007478_7948249173554364416_o\" data-image-description=\"\" data-image-caption=\"\" data-large-file=\"https:\/\/eldiariodesanpedro.com.ar\/sitio\/wp-content\/uploads\/2019\/10\/72973544_1108683266007478_7948249173554364416_o-1024x485.jpg\" data-src=\"https:\/\/i2.wp.com\/eldiariodesanpedro.com.ar\/sitio\/wp-content\/uploads\/2019\/10\/72973544_1108683266007478_7948249173554364416_o.jpg?fit=660%2C313\" alt=\"\" class=\"wp-image-62383 lazyload\" data-srcset=\"https:\/\/eldiariodesanpedro.com.ar\/sitio\/wp-content\/uploads\/2019\/10\/72973544_1108683266007478_7948249173554364416_o.jpg 1352w, https:\/\/eldiariodesanpedro.com.ar\/sitio\/wp-content\/uploads\/2019\/10\/72973544_1108683266007478_7948249173554364416_o-300x142.jpg 300w, https:\/\/eldiariodesanpedro.com.ar\/sitio\/wp-content\/uploads\/2019\/10\/72973544_1108683266007478_7948249173554364416_o-768x364.jpg 768w, https:\/\/eldiariodesanpedro.com.ar\/sitio\/wp-content\/uploads\/2019\/10\/72973544_1108683266007478_7948249173554364416_o-1024x485.jpg 1024w\" data-sizes=\"(max-width: 1352px) 100vw, 1352px\" src=\"data:image\/svg+xml;base64,PHN2ZyB3aWR0aD0iMSIgaGVpZ2h0PSIxIiB4bWxucz0iaHR0cDovL3d3dy53My5vcmcvMjAwMC9zdmciPjwvc3ZnPg==\" style=\"--smush-placeholder-width: 1352px; --smush-placeholder-aspect-ratio: 1352\/640;\" \/><\/figure>\n\n\n\n<p>\n\nTras una&nbsp;conferencia de prensa&nbsp;en la que critic\u00f3 duramente a la gobernadora Mar\u00eda Eugenia Vidal&nbsp;-a quien acus\u00f3 de \u201cinsensible\u201d ante la situaci\u00f3n econ\u00f3mica y social- y adem\u00e1s traz\u00f3 un diagn\u00f3stico \u201cmuy cr\u00edtico\u201d respecto a la realidad local- habl\u00f3 de \u201cuna verdadera masacre a nivel laboral y de puestos de trabajo\u201d- el referente del Frente de Todos busc\u00f3&nbsp;traer a San Pedro su mensaje de esperanza, de la mano de una \u201cestrategia de desarrollo para la ciudad\u201d.\n\n<\/p>\n","protected":false},"excerpt":{"rendered":"<p>El principal oponente de la gobernadora bonaerense y candidata a la reelecci\u00f3n, estuvo en nuestra ciudad este lunes, quien encara su \u00faltimo tramo de campa\u00f1a con recorridos por los distritos y actos de cierre esta semana. El candidato a gobernador del Frente de Todos encabez\u00f3 un acto en San Pedro, en el camping Mansa Lyfe, [&hellip;]<\/p>\n","protected":false},"author":4,"featured_media":62384,"comment_status":"open","ping_status":"closed","sticky":false,"template":"","format":"standard","meta":{"om_disable_all_campaigns":false,"_jetpack_memberships_contains_paid_content":false,"footnotes":""},"categories":[50,2,102],"tags":[],"class_list":["post-62376","post","type-post","status-publish","format-standard","has-post-thumbnail","hentry","category-destacadas","category-locales","category-politica-locales"],"aioseo_notices":[],"gutentor_comment":0,"jetpack_featured_media_url":"https:\/\/eldiariodesanpedro.com.ar\/sitio\/wp-content\/uploads\/2019\/10\/72769464_1108682916007513_5723520491491164160_o.jpg","jetpack_shortlink":"https:\/\/wp.me\/p6RhLt-ge4","jetpack_sharing_enabled":true,"_links":{"self":[{"href":"https:\/\/eldiariodesanpedro.com.ar\/sitio\/wp-json\/wp\/v2\/posts\/62376","targetHints":{"allow":["GET"]}}],"collection":[{"href":"https:\/\/eldiariodesanpedro.com.ar\/sitio\/wp-json\/wp\/v2\/posts"}],"about":[{"href":"https:\/\/eldiariodesanpedro.com.ar\/sitio\/wp-json\/wp\/v2\/types\/post"}],"author":[{"embeddable":true,"href":"https:\/\/eldiariodesanpedro.com.ar\/sitio\/wp-json\/wp\/v2\/users\/4"}],"replies":[{"embeddable":true,"href":"https:\/\/eldiariodesanpedro.com.ar\/sitio\/wp-json\/wp\/v2\/comments?post=62376"}],"version-history":[{"count":2,"href":"https:\/\/eldiariodesanpedro.com.ar\/sitio\/wp-json\/wp\/v2\/posts\/62376\/revisions"}],"predecessor-version":[{"id":62386,"href":"https:\/\/eldiariodesanpedro.com.ar\/sitio\/wp-json\/wp\/v2\/posts\/62376\/revisions\/62386"}],"wp:featuredmedia":[{"embeddable":true,"href":"https:\/\/eldiariodesanpedro.com.ar\/sitio\/wp-json\/wp\/v2\/media\/62384"}],"wp:attachment":[{"href":"https:\/\/eldiariodesanpedro.com.ar\/sitio\/wp-json\/wp\/v2\/media?parent=62376"}],"wp:term":[{"taxonomy":"category","embeddable":true,"href":"https:\/\/eldiariodesanpedro.com.ar\/sitio\/wp-json\/wp\/v2\/categories?post=62376"},{"taxonomy":"post_tag","embeddable":true,"href":"https:\/\/eldiariodesanpedro.com.ar\/sitio\/wp-json\/wp\/v2\/tags?post=62376"}],"curies":[{"name":"wp","href":"https:\/\/api.w.org\/{rel}","templated":true}]}}