{"id":62371,"date":"2019-10-21T10:51:32","date_gmt":"2019-10-21T13:51:32","guid":{"rendered":"https:\/\/eldiariodesanpedro.com.ar\/sitio\/?p=62371"},"modified":"2019-10-21T10:51:37","modified_gmt":"2019-10-21T13:51:37","slug":"renovacion-de-eximidos-para-el-ano-2020","status":"publish","type":"post","link":"https:\/\/eldiariodesanpedro.com.ar\/sitio\/renovacion-de-eximidos-para-el-ano-2020\/","title":{"rendered":"Renovaci\u00f3n de eximidos para el a\u00f1o 2020"},"content":{"rendered":"<!-- VideographyWP Plugin Message: Automatic video embedding prevented by plugin options. -->\n\n<p>\n\nLa Direcci\u00f3n de Rentas de la Municipalidad de San Pedro, le recuerda a los contribuyentes que durante los meses de noviembre y diciembre se podr\u00e1 realizar la renovaci\u00f3n de las exenciones de tasas municipales. Para ello, los contribuyentes deber\u00e1n acercar la documentaci\u00f3n pertinente de acuerdo a la exenci\u00f3n que perciban.<\/p>\n\n\n\n<p>*Empleados y Jubilados Municipales (reglamentado por Ord. 5069\/98)<\/p>\n\n\n\n<p>Completar y firmar planilla de DDJJ en la Direcci\u00f3n de Rentas (Planta Baja) acompa\u00f1ando la siguiente documentaci\u00f3n:<br>-Copia de DNI<br>-Copia del \u00faltimo recibo de sueldo\/recibo de cobro (jubilados)<br>-Copia de reempadronamiento o escritura o contrato de alquiler<br>-Si fuera viudo\/a del agente municipal presentar fotocopia del certificado de defunci\u00f3n.<br>-Copia de Tasa de ABL o SS del inmueble eximido<\/p>\n\n\n\n<p>*Jubilados (reglamentado por Ord. 3939\/85 y 5186\/00)<\/p>\n\n\n\n<p>Completar y firmar planilla de DDJJ en la Direcci\u00f3n de Rentas (Planta Baja) acompa\u00f1ando la siguiente documentaci\u00f3n:<br>-Copia de DNI<br>-Copia del \u00faltimo recibo de cobro<br>-Copia de reempadronamiento o escritura<br>-Copia de Tasa de ABL o SS del inmueble eximido<\/p>\n\n\n\n<p>*Bomberos Voluntarios (reglamentado por Ord. 5585\/06)<\/p>\n\n\n\n<p>Completar y firmar planilla de DDJJ en la Direcci\u00f3n de Rentas (Planta Baja) acompa\u00f1ando la siguiente documentaci\u00f3n:<br>-Nota del Cuartel de Bomberos informando que son integrantes activos o jubilados del Cuerpo de Bomberos Voluntarios.<br>-Copia de DNI<br>-Copia de reempadronamiento o escritura<br>-Copia de Tasa de ABL o SS del inmueble eximido<\/p>\n\n\n\n<p>*Combatientes de Malvinas (reglamentado por Ord. 4840\/95)<\/p>\n\n\n\n<p>Completar y firmar planilla de DDJJ en la Direcci\u00f3n de Rentas (Planta Baja) acompa\u00f1ando la siguiente documentaci\u00f3n:<br>-Copia de documentaci\u00f3n que acredite su participaci\u00f3n en la Guerra de las Malvinas.<br>-Copia de DNI<br>-Copia de reempadronamiento o escritura o contrato de alquiler<br>-Copia de Tasa de ABL o SS del inmueble eximido\n\n<\/p>\n","protected":false},"excerpt":{"rendered":"<p>La Direcci\u00f3n de Rentas de la Municipalidad de San Pedro, le recuerda a los contribuyentes que durante los meses de noviembre y diciembre se podr\u00e1 realizar la renovaci\u00f3n de las exenciones de tasas municipales. Para ello, los contribuyentes deber\u00e1n acercar la documentaci\u00f3n pertinente de acuerdo a la exenci\u00f3n que perciban. *Empleados y Jubilados Municipales (reglamentado [&hellip;]<\/p>\n","protected":false},"author":4,"featured_media":62374,"comment_status":"open","ping_status":"closed","sticky":false,"template":"","format":"standard","meta":{"om_disable_all_campaigns":false,"_jetpack_memberships_contains_paid_content":false,"footnotes":""},"categories":[101,2],"tags":[],"class_list":["post-62371","post","type-post","status-publish","format-standard","has-post-thumbnail","hentry","category-interes-general-locales","category-locales"],"aioseo_notices":[],"gutentor_comment":0,"jetpack_featured_media_url":"https:\/\/eldiariodesanpedro.com.ar\/sitio\/wp-content\/uploads\/2019\/10\/municipalidad_tesoreria_0.jpg","jetpack_shortlink":"https:\/\/wp.me\/p6RhLt-gdZ","jetpack_sharing_enabled":true,"_links":{"self":[{"href":"https:\/\/eldiariodesanpedro.com.ar\/sitio\/wp-json\/wp\/v2\/posts\/62371","targetHints":{"allow":["GET"]}}],"collection":[{"href":"https:\/\/eldiariodesanpedro.com.ar\/sitio\/wp-json\/wp\/v2\/posts"}],"about":[{"href":"https:\/\/eldiariodesanpedro.com.ar\/sitio\/wp-json\/wp\/v2\/types\/post"}],"author":[{"embeddable":true,"href":"https:\/\/eldiariodesanpedro.com.ar\/sitio\/wp-json\/wp\/v2\/users\/4"}],"replies":[{"embeddable":true,"href":"https:\/\/eldiariodesanpedro.com.ar\/sitio\/wp-json\/wp\/v2\/comments?post=62371"}],"version-history":[{"count":1,"href":"https:\/\/eldiariodesanpedro.com.ar\/sitio\/wp-json\/wp\/v2\/posts\/62371\/revisions"}],"predecessor-version":[{"id":62375,"href":"https:\/\/eldiariodesanpedro.com.ar\/sitio\/wp-json\/wp\/v2\/posts\/62371\/revisions\/62375"}],"wp:featuredmedia":[{"embeddable":true,"href":"https:\/\/eldiariodesanpedro.com.ar\/sitio\/wp-json\/wp\/v2\/media\/62374"}],"wp:attachment":[{"href":"https:\/\/eldiariodesanpedro.com.ar\/sitio\/wp-json\/wp\/v2\/media?parent=62371"}],"wp:term":[{"taxonomy":"category","embeddable":true,"href":"https:\/\/eldiariodesanpedro.com.ar\/sitio\/wp-json\/wp\/v2\/categories?post=62371"},{"taxonomy":"post_tag","embeddable":true,"href":"https:\/\/eldiariodesanpedro.com.ar\/sitio\/wp-json\/wp\/v2\/tags?post=62371"}],"curies":[{"name":"wp","href":"https:\/\/api.w.org\/{rel}","templated":true}]}}