{"id":6237,"date":"2016-07-21T18:41:31","date_gmt":"2016-07-21T21:41:31","guid":{"rendered":"https:\/\/eldiariodesanpedro.com.ar\/sitio\/?p=6237"},"modified":"2016-07-21T18:41:31","modified_gmt":"2016-07-21T21:41:31","slug":"la-policia-recupero-un-ciclomotor-robado","status":"publish","type":"post","link":"https:\/\/eldiariodesanpedro.com.ar\/sitio\/la-policia-recupero-un-ciclomotor-robado\/","title":{"rendered":"La polic\u00eda recuper\u00f3 un ciclomotor robado"},"content":{"rendered":"<p><!-- VideographyWP Plugin Message: Automatic video embedding prevented by plugin options. --><br \/>\nPersonal policial recuper\u00f3 el motoveh\u00edculo robado tras una persecuci\u00f3n. Se trata de una Gilera 110 CC, color rojo, que hab\u00eda sido sustra\u00edda en el dia de ayer en cercan\u00edas del domicilio de calle Guemes al 1600.<br \/>\nEn tanto que no se pudo aprehender a los sujetos, quienes se dieron a la fuga en la zona del barrio Hermano Indio.<\/p>\n","protected":false},"excerpt":{"rendered":"<p>Personal policial recuper\u00f3 el motoveh\u00edculo robado tras una persecuci\u00f3n. Se trata de una Gilera 110 CC, color rojo, que hab\u00eda sido sustra\u00edda en el dia de ayer en cercan\u00edas del domicilio de calle Guemes al 1600. En tanto que no se pudo aprehender a los sujetos, quienes se dieron a la fuga en la zona [&hellip;]<\/p>\n","protected":false},"author":4,"featured_media":3029,"comment_status":"open","ping_status":"closed","sticky":false,"template":"","format":"standard","meta":{"om_disable_all_campaigns":false,"_jetpack_memberships_contains_paid_content":false,"footnotes":""},"categories":[2,103],"tags":[],"class_list":["post-6237","post","type-post","status-publish","format-standard","has-post-thumbnail","hentry","category-locales","category-policiales-locales"],"aioseo_notices":[],"gutentor_comment":0,"jetpack_featured_media_url":"https:\/\/eldiariodesanpedro.com.ar\/sitio\/wp-content\/uploads\/2016\/04\/moto-patrullero.jpg","jetpack_shortlink":"https:\/\/wp.me\/p6RhLt-1CB","jetpack_sharing_enabled":true,"_links":{"self":[{"href":"https:\/\/eldiariodesanpedro.com.ar\/sitio\/wp-json\/wp\/v2\/posts\/6237","targetHints":{"allow":["GET"]}}],"collection":[{"href":"https:\/\/eldiariodesanpedro.com.ar\/sitio\/wp-json\/wp\/v2\/posts"}],"about":[{"href":"https:\/\/eldiariodesanpedro.com.ar\/sitio\/wp-json\/wp\/v2\/types\/post"}],"author":[{"embeddable":true,"href":"https:\/\/eldiariodesanpedro.com.ar\/sitio\/wp-json\/wp\/v2\/users\/4"}],"replies":[{"embeddable":true,"href":"https:\/\/eldiariodesanpedro.com.ar\/sitio\/wp-json\/wp\/v2\/comments?post=6237"}],"version-history":[{"count":1,"href":"https:\/\/eldiariodesanpedro.com.ar\/sitio\/wp-json\/wp\/v2\/posts\/6237\/revisions"}],"predecessor-version":[{"id":6238,"href":"https:\/\/eldiariodesanpedro.com.ar\/sitio\/wp-json\/wp\/v2\/posts\/6237\/revisions\/6238"}],"wp:featuredmedia":[{"embeddable":true,"href":"https:\/\/eldiariodesanpedro.com.ar\/sitio\/wp-json\/wp\/v2\/media\/3029"}],"wp:attachment":[{"href":"https:\/\/eldiariodesanpedro.com.ar\/sitio\/wp-json\/wp\/v2\/media?parent=6237"}],"wp:term":[{"taxonomy":"category","embeddable":true,"href":"https:\/\/eldiariodesanpedro.com.ar\/sitio\/wp-json\/wp\/v2\/categories?post=6237"},{"taxonomy":"post_tag","embeddable":true,"href":"https:\/\/eldiariodesanpedro.com.ar\/sitio\/wp-json\/wp\/v2\/tags?post=6237"}],"curies":[{"name":"wp","href":"https:\/\/api.w.org\/{rel}","templated":true}]}}