{"id":62365,"date":"2019-10-21T10:49:30","date_gmt":"2019-10-21T13:49:30","guid":{"rendered":"https:\/\/eldiariodesanpedro.com.ar\/sitio\/?p=62365"},"modified":"2019-10-21T10:49:34","modified_gmt":"2019-10-21T13:49:34","slug":"san-nicolas-gran-apertura-del-estadio-unico-de-san-nicolas","status":"publish","type":"post","link":"https:\/\/eldiariodesanpedro.com.ar\/sitio\/san-nicolas-gran-apertura-del-estadio-unico-de-san-nicolas\/","title":{"rendered":"SAN NICOL\u00c1S | Gran apertura del Estadio \u00danico de San Nicol\u00e1s"},"content":{"rendered":"<!-- VideographyWP Plugin Message: Automatic video embedding prevented by plugin options. -->\n\n<p>\n\nExcelente organizaci\u00f3n. Ingreso normal y ordenado. No hubo entorpecimiento en el tr\u00e1nsito. Una puesta en escena incre\u00edble, con un escenario imponente, pantallas y luces. Centenares de familias concurrieron a disfrutar de un espect\u00e1culo irrepetible en la apertura del Estadio \u00danico.<\/p>\n\n\n\n<p>En uno de los laterales del estadio se ubicaron varios carros de foodtrucks como ante sala para el evento central.<\/p>\n\n\n\n<p>Todo comenz\u00f3 puntual a las 19:32 con el reconocido DJ Villa Diamante y Pato Smink con un freestyle de rap y cumbia. Luego un show de bailarines seleccionados en el casting de San Nicol\u00e1s. Tambi\u00e9n una competencia de f\u00fatbol entre dos mujeres y dos hombres con participaci\u00f3n activa del p\u00fablico a trav\u00e9s de la app y la utilizaci\u00f3n de las pantallas con colores para elegir al ganador.<\/p>\n\n\n\n<p>Luego recorrieron el Estadio todos los clubes de baby f\u00fatbol, f\u00fatbol femenino, colegio de \u00e1rbitros y f\u00fatbol infantil.<\/p>\n\n\n\n<p>El evento cont\u00f3 con la conducci\u00f3n de la nicole\u00f1a Cecilia Chechu Bonelli y Esteban Edul.<\/p>\n\n\n\n<p>Mas tarde \u00abChoque Urbano\u00bb, un mix de danza, canto y baile con un grupo de j\u00f3venes que crean sonidos con elementos; sigui\u00f3 el turno de los acr\u00f3batas y la emoci\u00f3n junto a Nahuel Pennisi al entonar las estrofas del himno nacional argentino.<\/p>\n\n\n\n<p>Una gr\u00faa que sosten\u00eda y hac\u00eda jugar a los acr\u00f3batas con el p\u00fablico, quienes arrojaron pelotas; y los presentes respondieron haciendo olas.<\/p>\n\n\n\n<p>En todo momento los conductores interactuaron con el p\u00fablico, dialogaron y subieron a las tribunas haciendo entrevistas y consultando que significa el estadio para ellos. Que desean ver.<\/p>\n\n\n\n<p>El cierre a cargo de Ulises Bueno con cuarteto cordob\u00e9s hizo vibrar a todas las tribunas. <\/p>\n\n\n\n<p>Fuente: Diario El Informante<\/p>\n\n\n\n<figure class=\"wp-block-image\"><img decoding=\"async\" width=\"700\" height=\"525\" data-attachment-id=\"62368\" data-permalink=\"https:\/\/eldiariodesanpedro.com.ar\/sitio\/san-nicolas-gran-apertura-del-estadio-unico-de-san-nicolas\/conmarca22777\/\" data-orig-file=\"https:\/\/eldiariodesanpedro.com.ar\/sitio\/wp-content\/uploads\/2019\/10\/conmarca22777.jpg\" data-orig-size=\"700,525\" data-comments-opened=\"1\" data-image-meta=\"{&quot;aperture&quot;:&quot;0&quot;,&quot;credit&quot;:&quot;&quot;,&quot;camera&quot;:&quot;&quot;,&quot;caption&quot;:&quot;&quot;,&quot;created_timestamp&quot;:&quot;0&quot;,&quot;copyright&quot;:&quot;&quot;,&quot;focal_length&quot;:&quot;0&quot;,&quot;iso&quot;:&quot;0&quot;,&quot;shutter_speed&quot;:&quot;0&quot;,&quot;title&quot;:&quot;&quot;,&quot;orientation&quot;:&quot;0&quot;}\" data-image-title=\"conmarca22777\" data-image-description=\"\" data-image-caption=\"\" data-large-file=\"https:\/\/eldiariodesanpedro.com.ar\/sitio\/wp-content\/uploads\/2019\/10\/conmarca22777.jpg\" data-src=\"https:\/\/eldiariodesanpedro.com.ar\/sitio\/wp-content\/uploads\/2019\/10\/conmarca22777.jpg\" alt=\"\" class=\"wp-image-62368 lazyload\" data-srcset=\"https:\/\/eldiariodesanpedro.com.ar\/sitio\/wp-content\/uploads\/2019\/10\/conmarca22777.jpg 700w, https:\/\/eldiariodesanpedro.com.ar\/sitio\/wp-content\/uploads\/2019\/10\/conmarca22777-300x225.jpg 300w\" data-sizes=\"(max-width: 700px) 100vw, 700px\" src=\"data:image\/svg+xml;base64,PHN2ZyB3aWR0aD0iMSIgaGVpZ2h0PSIxIiB4bWxucz0iaHR0cDovL3d3dy53My5vcmcvMjAwMC9zdmciPjwvc3ZnPg==\" style=\"--smush-placeholder-width: 700px; --smush-placeholder-aspect-ratio: 700\/525;\" \/><\/figure>\n","protected":false},"excerpt":{"rendered":"<p>Excelente organizaci\u00f3n. Ingreso normal y ordenado. No hubo entorpecimiento en el tr\u00e1nsito. Una puesta en escena incre\u00edble, con un escenario imponente, pantallas y luces. Centenares de familias concurrieron a disfrutar de un espect\u00e1culo irrepetible en la apertura del Estadio \u00danico. En uno de los laterales del estadio se ubicaron varios carros de foodtrucks como ante [&hellip;]<\/p>\n","protected":false},"author":4,"featured_media":62369,"comment_status":"open","ping_status":"closed","sticky":false,"template":"","format":"standard","meta":{"om_disable_all_campaigns":false,"_jetpack_memberships_contains_paid_content":false,"footnotes":""},"categories":[621],"tags":[],"class_list":["post-62365","post","type-post","status-publish","format-standard","has-post-thumbnail","hentry","category-regionales"],"aioseo_notices":[],"gutentor_comment":0,"jetpack_featured_media_url":"https:\/\/eldiariodesanpedro.com.ar\/sitio\/wp-content\/uploads\/2019\/10\/conmarca22783.jpg","jetpack_shortlink":"https:\/\/wp.me\/p6RhLt-gdT","jetpack_sharing_enabled":true,"_links":{"self":[{"href":"https:\/\/eldiariodesanpedro.com.ar\/sitio\/wp-json\/wp\/v2\/posts\/62365","targetHints":{"allow":["GET"]}}],"collection":[{"href":"https:\/\/eldiariodesanpedro.com.ar\/sitio\/wp-json\/wp\/v2\/posts"}],"about":[{"href":"https:\/\/eldiariodesanpedro.com.ar\/sitio\/wp-json\/wp\/v2\/types\/post"}],"author":[{"embeddable":true,"href":"https:\/\/eldiariodesanpedro.com.ar\/sitio\/wp-json\/wp\/v2\/users\/4"}],"replies":[{"embeddable":true,"href":"https:\/\/eldiariodesanpedro.com.ar\/sitio\/wp-json\/wp\/v2\/comments?post=62365"}],"version-history":[{"count":1,"href":"https:\/\/eldiariodesanpedro.com.ar\/sitio\/wp-json\/wp\/v2\/posts\/62365\/revisions"}],"predecessor-version":[{"id":62370,"href":"https:\/\/eldiariodesanpedro.com.ar\/sitio\/wp-json\/wp\/v2\/posts\/62365\/revisions\/62370"}],"wp:featuredmedia":[{"embeddable":true,"href":"https:\/\/eldiariodesanpedro.com.ar\/sitio\/wp-json\/wp\/v2\/media\/62369"}],"wp:attachment":[{"href":"https:\/\/eldiariodesanpedro.com.ar\/sitio\/wp-json\/wp\/v2\/media?parent=62365"}],"wp:term":[{"taxonomy":"category","embeddable":true,"href":"https:\/\/eldiariodesanpedro.com.ar\/sitio\/wp-json\/wp\/v2\/categories?post=62365"},{"taxonomy":"post_tag","embeddable":true,"href":"https:\/\/eldiariodesanpedro.com.ar\/sitio\/wp-json\/wp\/v2\/tags?post=62365"}],"curies":[{"name":"wp","href":"https:\/\/api.w.org\/{rel}","templated":true}]}}