{"id":62361,"date":"2019-10-21T10:47:13","date_gmt":"2019-10-21T13:47:13","guid":{"rendered":"https:\/\/eldiariodesanpedro.com.ar\/sitio\/?p=62361"},"modified":"2019-10-21T10:47:17","modified_gmt":"2019-10-21T13:47:17","slug":"zarate-mas-de-30-mil-personas-disfrutaron-de-la-expo-colectividades-e-inclusion","status":"publish","type":"post","link":"https:\/\/eldiariodesanpedro.com.ar\/sitio\/zarate-mas-de-30-mil-personas-disfrutaron-de-la-expo-colectividades-e-inclusion\/","title":{"rendered":"ZARATE | M\u00e1s de 30 mil personas disfrutaron de la Expo Colectividades e Inclusi\u00f3n"},"content":{"rendered":"<!-- VideographyWP Plugin Message: Automatic video embedding prevented by plugin options. -->\n\n<p> El Municipio de Z\u00e1rate cerr\u00f3 una nueva Expo Colectividades del Mundo e Inclusi\u00f3n donde se vivi\u00f3 una fiesta durante todo el fin de semana.<br>Se vivi\u00f3 una jornada que a pesar del tiempo tuvo un Parque Central Urbano repleto de familias que adem\u00e1s de disfrutar de todas las atracciones de la Expo Colectividades del Mundo e Inclusi\u00f3n, festejaron el d\u00eda de la madre.<br>Desde el Municipio indicaron que alrededor de 30 mil personas se acercaron entre el s\u00e1bado y domingo a la Expo Colectividades.<\/p>\n\n\n\n<p>Los vecinos pudieron jugar en la Plaza Inclusiva, recorrer el paseo de artesanos, comer en los distintos puestos gastron\u00f3micos, reirse con la presentaci\u00f3n del ventr\u00edlocuo Mart\u00edn Chesini con su personaje Humberto Primo y disfrutar los shows de El Chino y La Innovaci\u00f3n, La Master Sound, To K la Nota, La Molina, Onda Do Bah\u00eda y el gran cierre a cargo de Banda XXI.<\/p>\n\n\n\n<p>Por otra parte, el Municipio a trav\u00e9s de la Direcci\u00f3n de Educaci\u00f3n, dio a conocer a los ganadores del Programa Compartiendo que tuvo su \u00faltima jornada con la Kermesse en el marco de la Expo Colectividades.<\/p>\n\n\n\n<p>Los ganadores fueron: 1\u00b0 puesto: Jard\u00edn N\u00b0914 Sala Celeste Turno Ma\u00f1ana que completo el \u00e1lbum. 2\u00b0 puesto: Jard\u00edn N\u00b0905, Sala Naranja Turno Tarde que le falt\u00f3 sola 1 figurita. Y 3\u00b0 puesto: Jard\u00edn N\u00b0919, Sala Celeste Turno Tarde que le faltaron 2 figuritas, pero fue el mayor puntaje en todo el programa. <\/p>\n\n\n\n<p>Fuente: Impacto Local<\/p>\n","protected":false},"excerpt":{"rendered":"<p>El Municipio de Z\u00e1rate cerr\u00f3 una nueva Expo Colectividades del Mundo e Inclusi\u00f3n donde se vivi\u00f3 una fiesta durante todo el fin de semana.Se vivi\u00f3 una jornada que a pesar del tiempo tuvo un Parque Central Urbano repleto de familias que adem\u00e1s de disfrutar de todas las atracciones de la Expo Colectividades del Mundo e [&hellip;]<\/p>\n","protected":false},"author":4,"featured_media":62363,"comment_status":"open","ping_status":"closed","sticky":false,"template":"","format":"standard","meta":{"om_disable_all_campaigns":false,"_jetpack_memberships_contains_paid_content":false,"footnotes":""},"categories":[621],"tags":[],"class_list":["post-62361","post","type-post","status-publish","format-standard","has-post-thumbnail","hentry","category-regionales"],"aioseo_notices":[],"gutentor_comment":0,"jetpack_featured_media_url":"https:\/\/eldiariodesanpedro.com.ar\/sitio\/wp-content\/uploads\/2019\/10\/expo-colectividades-4.jpeg","jetpack_shortlink":"https:\/\/wp.me\/p6RhLt-gdP","jetpack_sharing_enabled":true,"_links":{"self":[{"href":"https:\/\/eldiariodesanpedro.com.ar\/sitio\/wp-json\/wp\/v2\/posts\/62361","targetHints":{"allow":["GET"]}}],"collection":[{"href":"https:\/\/eldiariodesanpedro.com.ar\/sitio\/wp-json\/wp\/v2\/posts"}],"about":[{"href":"https:\/\/eldiariodesanpedro.com.ar\/sitio\/wp-json\/wp\/v2\/types\/post"}],"author":[{"embeddable":true,"href":"https:\/\/eldiariodesanpedro.com.ar\/sitio\/wp-json\/wp\/v2\/users\/4"}],"replies":[{"embeddable":true,"href":"https:\/\/eldiariodesanpedro.com.ar\/sitio\/wp-json\/wp\/v2\/comments?post=62361"}],"version-history":[{"count":1,"href":"https:\/\/eldiariodesanpedro.com.ar\/sitio\/wp-json\/wp\/v2\/posts\/62361\/revisions"}],"predecessor-version":[{"id":62364,"href":"https:\/\/eldiariodesanpedro.com.ar\/sitio\/wp-json\/wp\/v2\/posts\/62361\/revisions\/62364"}],"wp:featuredmedia":[{"embeddable":true,"href":"https:\/\/eldiariodesanpedro.com.ar\/sitio\/wp-json\/wp\/v2\/media\/62363"}],"wp:attachment":[{"href":"https:\/\/eldiariodesanpedro.com.ar\/sitio\/wp-json\/wp\/v2\/media?parent=62361"}],"wp:term":[{"taxonomy":"category","embeddable":true,"href":"https:\/\/eldiariodesanpedro.com.ar\/sitio\/wp-json\/wp\/v2\/categories?post=62361"},{"taxonomy":"post_tag","embeddable":true,"href":"https:\/\/eldiariodesanpedro.com.ar\/sitio\/wp-json\/wp\/v2\/tags?post=62361"}],"curies":[{"name":"wp","href":"https:\/\/api.w.org\/{rel}","templated":true}]}}