{"id":62356,"date":"2019-10-21T10:45:24","date_gmt":"2019-10-21T13:45:24","guid":{"rendered":"https:\/\/eldiariodesanpedro.com.ar\/sitio\/?p=62356"},"modified":"2019-10-21T10:45:28","modified_gmt":"2019-10-21T13:45:28","slug":"zarate-joven-pierde-la-vida-en-el-incendio-de-su-vivienda","status":"publish","type":"post","link":"https:\/\/eldiariodesanpedro.com.ar\/sitio\/zarate-joven-pierde-la-vida-en-el-incendio-de-su-vivienda\/","title":{"rendered":"Z\u00c1RATE | Joven pierde la vida en el incendio de su vivienda"},"content":{"rendered":"<!-- VideographyWP Plugin Message: Automatic video embedding prevented by plugin options. -->\n\n<p>Cerca de las 5:30 de la ma\u00f1ana del d\u00eda domingo se desat\u00f3 un gran incendio en una vivienda ubicada en las calles Saavedra y Liniers de Campana.<br>De inmediato se desplazaron los moviles 36 y 41 a cargo del Oficial Auxiliar Lauque Sebasti\u00e1n.<br>Aunque se desconocen los motivos que originaron el fuego, el siniestro se expandi\u00f3 r\u00e1pidamente producto de la capacidad inflamable de los materiales all\u00ed alojados, entre \u00e9stos, tubos de acetileno, garrafas y productos combustibles.<br>Ambas dotaciones centralizaron los esfuerzos en contener el incendio y evitar su propagaci\u00f3n hacia viviendas linderas, una de las cuales ya presentaba rajaduras en todas las paredes, afectando ambas plantas y origin\u00e1ndose un segundo foco \u00edgneo en una de sus habitaciones, siendo controlado inmediatamente.<br>Debido a la magnitud se solicitaron ademas las dotaciones 48, 43, 47 y 49, logrando as\u00ed la extinci\u00f3n total del incendio. En la remoci\u00f3n de los restos, fue hallado el cuerpo sin vida de &nbsp;joven de unos 24 a\u00f1os identificado como Marcelo Velestein, quien padecer\u00eda alg\u00fan tipo de discapacidad.<\/p>\n\n\n\n<p>Colaboraron en dicha emergencia personal policial, Defensa Civil, SAME y Una m\u00e1quina de la municipalidad fue solicitada para concretar la limpieza del lugar, con unos 50 metros aproximados de fondo en donde se amontonaba chatarra.<\/p>\n\n\n\n<p>Fuente: Impacto Local<\/p>\n","protected":false},"excerpt":{"rendered":"<p>Cerca de las 5:30 de la ma\u00f1ana del d\u00eda domingo se desat\u00f3 un gran incendio en una vivienda ubicada en las calles Saavedra y Liniers de Campana.De inmediato se desplazaron los moviles 36 y 41 a cargo del Oficial Auxiliar Lauque Sebasti\u00e1n.Aunque se desconocen los motivos que originaron el fuego, el siniestro se expandi\u00f3 r\u00e1pidamente [&hellip;]<\/p>\n","protected":false},"author":4,"featured_media":62357,"comment_status":"open","ping_status":"closed","sticky":false,"template":"","format":"standard","meta":{"om_disable_all_campaigns":false,"_jetpack_memberships_contains_paid_content":false,"footnotes":""},"categories":[621],"tags":[],"class_list":["post-62356","post","type-post","status-publish","format-standard","has-post-thumbnail","hentry","category-regionales"],"aioseo_notices":[],"gutentor_comment":0,"jetpack_featured_media_url":"https:\/\/eldiariodesanpedro.com.ar\/sitio\/wp-content\/uploads\/2019\/10\/72749675_3085180374842091_2131136152067899392_n.jpg","jetpack_shortlink":"https:\/\/wp.me\/p6RhLt-gdK","jetpack_sharing_enabled":true,"_links":{"self":[{"href":"https:\/\/eldiariodesanpedro.com.ar\/sitio\/wp-json\/wp\/v2\/posts\/62356","targetHints":{"allow":["GET"]}}],"collection":[{"href":"https:\/\/eldiariodesanpedro.com.ar\/sitio\/wp-json\/wp\/v2\/posts"}],"about":[{"href":"https:\/\/eldiariodesanpedro.com.ar\/sitio\/wp-json\/wp\/v2\/types\/post"}],"author":[{"embeddable":true,"href":"https:\/\/eldiariodesanpedro.com.ar\/sitio\/wp-json\/wp\/v2\/users\/4"}],"replies":[{"embeddable":true,"href":"https:\/\/eldiariodesanpedro.com.ar\/sitio\/wp-json\/wp\/v2\/comments?post=62356"}],"version-history":[{"count":1,"href":"https:\/\/eldiariodesanpedro.com.ar\/sitio\/wp-json\/wp\/v2\/posts\/62356\/revisions"}],"predecessor-version":[{"id":62358,"href":"https:\/\/eldiariodesanpedro.com.ar\/sitio\/wp-json\/wp\/v2\/posts\/62356\/revisions\/62358"}],"wp:featuredmedia":[{"embeddable":true,"href":"https:\/\/eldiariodesanpedro.com.ar\/sitio\/wp-json\/wp\/v2\/media\/62357"}],"wp:attachment":[{"href":"https:\/\/eldiariodesanpedro.com.ar\/sitio\/wp-json\/wp\/v2\/media?parent=62356"}],"wp:term":[{"taxonomy":"category","embeddable":true,"href":"https:\/\/eldiariodesanpedro.com.ar\/sitio\/wp-json\/wp\/v2\/categories?post=62356"},{"taxonomy":"post_tag","embeddable":true,"href":"https:\/\/eldiariodesanpedro.com.ar\/sitio\/wp-json\/wp\/v2\/tags?post=62356"}],"curies":[{"name":"wp","href":"https:\/\/api.w.org\/{rel}","templated":true}]}}