{"id":62353,"date":"2019-10-21T10:30:05","date_gmt":"2019-10-21T13:30:05","guid":{"rendered":"https:\/\/eldiariodesanpedro.com.ar\/sitio\/?p=62353"},"modified":"2019-10-21T10:30:09","modified_gmt":"2019-10-21T13:30:09","slug":"campana-denise-herenu-se-consagro-campeona-nacional-de-patin","status":"publish","type":"post","link":"https:\/\/eldiariodesanpedro.com.ar\/sitio\/campana-denise-herenu-se-consagro-campeona-nacional-de-patin\/","title":{"rendered":"CAMPANA | Denise Here\u00f1\u00fa se consagr\u00f3 Campeona Nacional de Pat\u00edn"},"content":{"rendered":"<!-- VideographyWP Plugin Message: Automatic video embedding prevented by plugin options. -->\n\n<p>Fue en el contexto de la Copa \u201cErnesto Gonzales Molina\u201d, la cual tuvo lugar entre el 6 y 14 de octubre en La Rioja. La joven de 29 a\u00f1os ahora se prepara para nuevos desaf\u00edos, tanto a nivel nacional como en competencias internacionales.<\/p>\n\n\n\n<p> Desarrollada en el Estadio Superdomo de La Rioja capital, la Copa \u201cErnesto Gonzales Molina\u201d, parte del cronograma oficial de la Confederaci\u00f3n Nacional de Pat\u00edn (CAP), consagr\u00f3 como Campeona Nacional a Denise Here\u00f1u, oriunda de nuestra ciudad, quien compiti\u00f3 y se impuso como vencedora en la categor\u00eda \u201cSegunda C Mayores\u201d, con una importante diferencia en el marcador frente a otras 53 competidoras, provenientes de todo el pa\u00eds.<\/p>\n\n\n\n<p> Denise fue en representaci\u00f3n de la Ciudad de Campana a trav\u00e9s de la \u00abLiga Roller Energy\u00bb de Zona Norte, y como parte de la federaci\u00f3n \u00abLAPAL\u00bb (Liga Argentina de Patinaje Art\u00edstico Libre\u201d).<\/p>\n\n\n\n<p> La importancia de su logro se vuelve alg\u00fan mayor si se pone en consideraci\u00f3n que se trata de su primera competencia a nivel pa\u00eds. Este triunfo se dio de la mano de su entrenador, Rub\u00e9n Ger\u00e9z (quien a su vez es Presidente de LAPAL), con quien ya ha conseguido varios galardones desde que comenzaron a trabajar juntos a principios del presente a\u00f1o.<\/p>\n\n\n\n<p> Esta excelente performance a nivel federativo le permitir\u00e1 adem\u00e1s a Denise transmitir sus conocimientos a sus alumnas de patinaje art\u00edstico en la escuela \u201cFantas\u00eda sobre Ruedas\u201d, ubicada aqu\u00ed mismo en Campana (alternando ensayos entre el Club Ciudad de Campana y el Club San Lorenzo), instituci\u00f3n en la que ense\u00f1a en conjunto con su fundadora y directora, Elizabet Robert.<\/p>\n\n\n\n<p> Incluso ya en pareja y con dos hijos, a partir de este reconocimiento Denise ahora se prepara para encarar nuevas competencias a nivel nacional, y ya se est\u00e1 barajando la posibilidad que comience a participar en cert\u00e1menes fuera del pa\u00eds, como parte de una \u201cRevisi\u00f3n T\u00e9cnica\u201d organizada por la CAP, en la que se decidir\u00e1 que patinadoras acceder\u00e1n a competencias sudamericanas y del resto del mundo.<\/p>\n\n\n\n<p>Fuente: Campana Noticias<\/p>\n","protected":false},"excerpt":{"rendered":"<p>Fue en el contexto de la Copa \u201cErnesto Gonzales Molina\u201d, la cual tuvo lugar entre el 6 y 14 de octubre en La Rioja. La joven de 29 a\u00f1os ahora se prepara para nuevos desaf\u00edos, tanto a nivel nacional como en competencias internacionales. Desarrollada en el Estadio Superdomo de La Rioja capital, la Copa \u201cErnesto [&hellip;]<\/p>\n","protected":false},"author":4,"featured_media":62354,"comment_status":"open","ping_status":"closed","sticky":false,"template":"","format":"standard","meta":{"om_disable_all_campaigns":false,"_jetpack_memberships_contains_paid_content":false,"footnotes":""},"categories":[621],"tags":[],"class_list":["post-62353","post","type-post","status-publish","format-standard","has-post-thumbnail","hentry","category-regionales"],"aioseo_notices":[],"gutentor_comment":0,"jetpack_featured_media_url":"https:\/\/eldiariodesanpedro.com.ar\/sitio\/wp-content\/uploads\/2019\/10\/20191021125438.jpg","jetpack_shortlink":"https:\/\/wp.me\/p6RhLt-gdH","jetpack_sharing_enabled":true,"_links":{"self":[{"href":"https:\/\/eldiariodesanpedro.com.ar\/sitio\/wp-json\/wp\/v2\/posts\/62353","targetHints":{"allow":["GET"]}}],"collection":[{"href":"https:\/\/eldiariodesanpedro.com.ar\/sitio\/wp-json\/wp\/v2\/posts"}],"about":[{"href":"https:\/\/eldiariodesanpedro.com.ar\/sitio\/wp-json\/wp\/v2\/types\/post"}],"author":[{"embeddable":true,"href":"https:\/\/eldiariodesanpedro.com.ar\/sitio\/wp-json\/wp\/v2\/users\/4"}],"replies":[{"embeddable":true,"href":"https:\/\/eldiariodesanpedro.com.ar\/sitio\/wp-json\/wp\/v2\/comments?post=62353"}],"version-history":[{"count":1,"href":"https:\/\/eldiariodesanpedro.com.ar\/sitio\/wp-json\/wp\/v2\/posts\/62353\/revisions"}],"predecessor-version":[{"id":62355,"href":"https:\/\/eldiariodesanpedro.com.ar\/sitio\/wp-json\/wp\/v2\/posts\/62353\/revisions\/62355"}],"wp:featuredmedia":[{"embeddable":true,"href":"https:\/\/eldiariodesanpedro.com.ar\/sitio\/wp-json\/wp\/v2\/media\/62354"}],"wp:attachment":[{"href":"https:\/\/eldiariodesanpedro.com.ar\/sitio\/wp-json\/wp\/v2\/media?parent=62353"}],"wp:term":[{"taxonomy":"category","embeddable":true,"href":"https:\/\/eldiariodesanpedro.com.ar\/sitio\/wp-json\/wp\/v2\/categories?post=62353"},{"taxonomy":"post_tag","embeddable":true,"href":"https:\/\/eldiariodesanpedro.com.ar\/sitio\/wp-json\/wp\/v2\/tags?post=62353"}],"curies":[{"name":"wp","href":"https:\/\/api.w.org\/{rel}","templated":true}]}}