{"id":62350,"date":"2019-10-21T09:57:11","date_gmt":"2019-10-21T12:57:11","guid":{"rendered":"https:\/\/eldiariodesanpedro.com.ar\/sitio\/?p=62350"},"modified":"2019-10-21T09:57:15","modified_gmt":"2019-10-21T12:57:15","slug":"baradero-martin-ortega-el-primer-ciudadano-con-sindrome-de-down-que-trabajara-en-relacion-de-dependencia-en-la-ciudad","status":"publish","type":"post","link":"https:\/\/eldiariodesanpedro.com.ar\/sitio\/baradero-martin-ortega-el-primer-ciudadano-con-sindrome-de-down-que-trabajara-en-relacion-de-dependencia-en-la-ciudad\/","title":{"rendered":"BARADERO | Martin Ortega el primer ciudadano con S\u00edndrome de Down que trabajara en relaci\u00f3n de dependencia en la ciudad"},"content":{"rendered":"<!-- VideographyWP Plugin Message: Automatic video embedding prevented by plugin options. -->\n\n<p>Mart\u00edn Ortega , tiene 21 a\u00f1os y vive en nuestra ciudad de Baradero. Es conocido por el emprendimiento familiar que formo junto a su mama Carolina Ballestrero quienes juntos  crearon Eco Bolsas Baradero para darle justamente una salida laboral a el. Tambi\u00e9n es un integrante importante del Grupo amigo del discapacitado G.A.D quien el a\u00f1o pasado represent\u00e1ndolos bailo junto a una compa\u00f1era en Tinelli demostrando la alegr\u00eda y la Felicidad que los caracterizan.<\/p>\n\n\n\n<p> Pero hoy Mart\u00edn nos vuelve a dar un sacudon, y vuelve a poner en manifiesto de que todo se Puede\u2026 no hay limites para el que quiere so\u00f1ar.<br> -\u201cEl trabajo es dignidad, y no discrimina razas, condiciones ni capacidades, por eso Mart\u00edn, siempre anhelo un trabajo. Juntos en familia lo preparamos para que pueda desempe\u00f1arse en la vida con total naturalidad, y hoy se ven los frutos. Trabajara en un local comercial media jornada, y cumplir\u00e1 todos las obligaciones como cualquier empleado\u201d  Nos dec\u00eda su madre carolina.<br> \u201cDale las herramientas necesarias , conf\u00eda en ellos, y prep\u00e1rate para recorrer los  castillos que crearan \u201d  son las palabras con las que culmina la nota su mama, sin duda una esperanza para todos aquellos que tienen en sus familias alg\u00fan integrante con capacidades diferentes.<br> Fuente: Tiempo noticias<\/p>\n\n\n\n<p>\u201cDale las herramientas necesarias , conf\u00eda en ellos, y prep\u00e1rate para recorrer los  castillos que crearan \u201d  son las palabras con las que culmina la nota su mama, sin duda una esperanza para todos aquellos que tienen en sus familias alg\u00fan integrante con capacidades diferentes.<\/p>\n\n\n\n<p> Fuente: Tiempo noticias<\/p>\n","protected":false},"excerpt":{"rendered":"<p>Mart\u00edn Ortega , tiene 21 a\u00f1os y vive en nuestra ciudad de Baradero. Es conocido por el emprendimiento familiar que formo junto a su mama Carolina Ballestrero quienes juntos crearon Eco Bolsas Baradero para darle justamente una salida laboral a el. Tambi\u00e9n es un integrante importante del Grupo amigo del discapacitado G.A.D quien el a\u00f1o [&hellip;]<\/p>\n","protected":false},"author":4,"featured_media":62351,"comment_status":"open","ping_status":"closed","sticky":false,"template":"","format":"standard","meta":{"om_disable_all_campaigns":false,"_jetpack_memberships_contains_paid_content":false,"footnotes":""},"categories":[621],"tags":[],"class_list":["post-62350","post","type-post","status-publish","format-standard","has-post-thumbnail","hentry","category-regionales"],"aioseo_notices":[],"gutentor_comment":0,"jetpack_featured_media_url":"https:\/\/eldiariodesanpedro.com.ar\/sitio\/wp-content\/uploads\/2019\/10\/PAGINA-6-1.jpg","jetpack_shortlink":"https:\/\/wp.me\/p6RhLt-gdE","jetpack_sharing_enabled":true,"_links":{"self":[{"href":"https:\/\/eldiariodesanpedro.com.ar\/sitio\/wp-json\/wp\/v2\/posts\/62350","targetHints":{"allow":["GET"]}}],"collection":[{"href":"https:\/\/eldiariodesanpedro.com.ar\/sitio\/wp-json\/wp\/v2\/posts"}],"about":[{"href":"https:\/\/eldiariodesanpedro.com.ar\/sitio\/wp-json\/wp\/v2\/types\/post"}],"author":[{"embeddable":true,"href":"https:\/\/eldiariodesanpedro.com.ar\/sitio\/wp-json\/wp\/v2\/users\/4"}],"replies":[{"embeddable":true,"href":"https:\/\/eldiariodesanpedro.com.ar\/sitio\/wp-json\/wp\/v2\/comments?post=62350"}],"version-history":[{"count":1,"href":"https:\/\/eldiariodesanpedro.com.ar\/sitio\/wp-json\/wp\/v2\/posts\/62350\/revisions"}],"predecessor-version":[{"id":62352,"href":"https:\/\/eldiariodesanpedro.com.ar\/sitio\/wp-json\/wp\/v2\/posts\/62350\/revisions\/62352"}],"wp:featuredmedia":[{"embeddable":true,"href":"https:\/\/eldiariodesanpedro.com.ar\/sitio\/wp-json\/wp\/v2\/media\/62351"}],"wp:attachment":[{"href":"https:\/\/eldiariodesanpedro.com.ar\/sitio\/wp-json\/wp\/v2\/media?parent=62350"}],"wp:term":[{"taxonomy":"category","embeddable":true,"href":"https:\/\/eldiariodesanpedro.com.ar\/sitio\/wp-json\/wp\/v2\/categories?post=62350"},{"taxonomy":"post_tag","embeddable":true,"href":"https:\/\/eldiariodesanpedro.com.ar\/sitio\/wp-json\/wp\/v2\/tags?post=62350"}],"curies":[{"name":"wp","href":"https:\/\/api.w.org\/{rel}","templated":true}]}}