{"id":62347,"date":"2019-10-21T09:52:28","date_gmt":"2019-10-21T12:52:28","guid":{"rendered":"https:\/\/eldiariodesanpedro.com.ar\/sitio\/?p=62347"},"modified":"2019-10-21T09:52:32","modified_gmt":"2019-10-21T12:52:32","slug":"ramallo-el-municipio-firmo-un-convenio-con-la-universidad-de-san-martin","status":"publish","type":"post","link":"https:\/\/eldiariodesanpedro.com.ar\/sitio\/ramallo-el-municipio-firmo-un-convenio-con-la-universidad-de-san-martin\/","title":{"rendered":"RAMALLO: El Municipio firm\u00f3 un convenio con la Universidad de San Mart\u00edn"},"content":{"rendered":"<!-- VideographyWP Plugin Message: Automatic video embedding prevented by plugin options. -->\n\n<p>Encabezaron el acto el intendente municipal Mauro Poletti y Alexandre Roig, secretario Acad\u00e9mico de la Universidad Nacional de San Mart\u00edn.<br> Se trata de un convenio marco entre la Universidad y el municipio a trav\u00e9s del cual Ramallo suma nuevas carreras al ciclo lectivo del a\u00f1o 2020.<br> \u201cPara nosotros desde la Universidad es clave contribuir en el desarrollo local desde la formaci\u00f3n para eso est\u00e1n las universidades nacionales y p\u00fablicas\u201d, manifest\u00f3 el secretario Acad\u00e9mico.<\/p>\n\n\n\n<p> Por su parte, Poletti subray\u00f3 que \u201cestamos dando un paso muy importante con la ampliaci\u00f3n de la oferta acad\u00e9mica de la Municipalidad de Ramallo. Siempre es un motivo de inmensa alegr\u00eda cada vez que se puede materializar un convenio de este tipo y vincularnos con alg\u00fan claustro universitario con el objetivo de acercar a los vecinos de Ramallo y la regi\u00f3n diferentes carreras gratuitas\u201d.<\/p>\n\n\n\n<p> Fuente: Ramallo Ciudad<\/p>\n","protected":false},"excerpt":{"rendered":"<p>Encabezaron el acto el intendente municipal Mauro Poletti y Alexandre Roig, secretario Acad\u00e9mico de la Universidad Nacional de San Mart\u00edn. Se trata de un convenio marco entre la Universidad y el municipio a trav\u00e9s del cual Ramallo suma nuevas carreras al ciclo lectivo del a\u00f1o 2020. \u201cPara nosotros desde la Universidad es clave contribuir en [&hellip;]<\/p>\n","protected":false},"author":4,"featured_media":62348,"comment_status":"open","ping_status":"closed","sticky":false,"template":"","format":"standard","meta":{"om_disable_all_campaigns":false,"_jetpack_memberships_contains_paid_content":false,"footnotes":""},"categories":[621],"tags":[],"class_list":["post-62347","post","type-post","status-publish","format-standard","has-post-thumbnail","hentry","category-regionales"],"aioseo_notices":[],"gutentor_comment":0,"jetpack_featured_media_url":"https:\/\/eldiariodesanpedro.com.ar\/sitio\/wp-content\/uploads\/2019\/10\/bbx_217388653_1_0.jpeg","jetpack_shortlink":"https:\/\/wp.me\/p6RhLt-gdB","jetpack_sharing_enabled":true,"_links":{"self":[{"href":"https:\/\/eldiariodesanpedro.com.ar\/sitio\/wp-json\/wp\/v2\/posts\/62347","targetHints":{"allow":["GET"]}}],"collection":[{"href":"https:\/\/eldiariodesanpedro.com.ar\/sitio\/wp-json\/wp\/v2\/posts"}],"about":[{"href":"https:\/\/eldiariodesanpedro.com.ar\/sitio\/wp-json\/wp\/v2\/types\/post"}],"author":[{"embeddable":true,"href":"https:\/\/eldiariodesanpedro.com.ar\/sitio\/wp-json\/wp\/v2\/users\/4"}],"replies":[{"embeddable":true,"href":"https:\/\/eldiariodesanpedro.com.ar\/sitio\/wp-json\/wp\/v2\/comments?post=62347"}],"version-history":[{"count":1,"href":"https:\/\/eldiariodesanpedro.com.ar\/sitio\/wp-json\/wp\/v2\/posts\/62347\/revisions"}],"predecessor-version":[{"id":62349,"href":"https:\/\/eldiariodesanpedro.com.ar\/sitio\/wp-json\/wp\/v2\/posts\/62347\/revisions\/62349"}],"wp:featuredmedia":[{"embeddable":true,"href":"https:\/\/eldiariodesanpedro.com.ar\/sitio\/wp-json\/wp\/v2\/media\/62348"}],"wp:attachment":[{"href":"https:\/\/eldiariodesanpedro.com.ar\/sitio\/wp-json\/wp\/v2\/media?parent=62347"}],"wp:term":[{"taxonomy":"category","embeddable":true,"href":"https:\/\/eldiariodesanpedro.com.ar\/sitio\/wp-json\/wp\/v2\/categories?post=62347"},{"taxonomy":"post_tag","embeddable":true,"href":"https:\/\/eldiariodesanpedro.com.ar\/sitio\/wp-json\/wp\/v2\/tags?post=62347"}],"curies":[{"name":"wp","href":"https:\/\/api.w.org\/{rel}","templated":true}]}}