{"id":62332,"date":"2019-10-21T09:29:05","date_gmt":"2019-10-21T12:29:05","guid":{"rendered":"https:\/\/eldiariodesanpedro.com.ar\/sitio\/?p=62332"},"modified":"2019-10-21T09:29:09","modified_gmt":"2019-10-21T12:29:09","slug":"junior-solmi-retorna-al-tc-mouras","status":"publish","type":"post","link":"https:\/\/eldiariodesanpedro.com.ar\/sitio\/junior-solmi-retorna-al-tc-mouras\/","title":{"rendered":"Junior Solmi retorna al TC Mouras"},"content":{"rendered":"<!-- VideographyWP Plugin Message: Automatic video embedding prevented by plugin options. -->\n\n<p>Despu\u00e9s de haber sorteado distintos aspectos que lo hab\u00edan alejado de las pistas en gran parte de la temporada, el piloto sampedrino Junior Solmi regresar\u00e1 a las pistas desde la pr\u00f3xima fecha del TC Mouras\u00a0cuando se corra una nueva fecha del campeonato en el aut\u00f3dromo de La Plata.<\/p>\n\n\n\n<p>Con auto y motor de Jos\u00e9 Garabano&nbsp;m\u00e1s todo el aporte y experiencia del equipo Solmi Competici\u00f3n, Junior conducir\u00e1 el Chevrolet&nbsp;que supo manejar la piloto Ianina Zanazi.<\/p>\n\n\n\n<p>El sampedrino\u00a0participar\u00e1 de la 13ra. fecha del certamen nacional cuando luego restar\u00e1n tres jornadas m\u00e1s para el cierre del certamen.\u00a0\u00a0<\/p>\n\n\n\n<p>Fuente San Pedro Informa<\/p>\n","protected":false},"excerpt":{"rendered":"<p>Despu\u00e9s de haber sorteado distintos aspectos que lo hab\u00edan alejado de las pistas en gran parte de la temporada, el piloto sampedrino Junior Solmi regresar\u00e1 a las pistas desde la pr\u00f3xima fecha del TC Mouras\u00a0cuando se corra una nueva fecha del campeonato en el aut\u00f3dromo de La Plata. Con auto y motor de Jos\u00e9 Garabano&nbsp;m\u00e1s [&hellip;]<\/p>\n","protected":false},"author":4,"featured_media":62333,"comment_status":"open","ping_status":"closed","sticky":false,"template":"","format":"standard","meta":{"om_disable_all_campaigns":false,"_jetpack_memberships_contains_paid_content":false,"footnotes":""},"categories":[101,2],"tags":[],"class_list":["post-62332","post","type-post","status-publish","format-standard","has-post-thumbnail","hentry","category-interes-general-locales","category-locales"],"aioseo_notices":[],"gutentor_comment":0,"jetpack_featured_media_url":"https:\/\/eldiariodesanpedro.com.ar\/sitio\/wp-content\/uploads\/2019\/10\/000080550.jpg","jetpack_shortlink":"https:\/\/wp.me\/p6RhLt-gdm","jetpack_sharing_enabled":true,"_links":{"self":[{"href":"https:\/\/eldiariodesanpedro.com.ar\/sitio\/wp-json\/wp\/v2\/posts\/62332","targetHints":{"allow":["GET"]}}],"collection":[{"href":"https:\/\/eldiariodesanpedro.com.ar\/sitio\/wp-json\/wp\/v2\/posts"}],"about":[{"href":"https:\/\/eldiariodesanpedro.com.ar\/sitio\/wp-json\/wp\/v2\/types\/post"}],"author":[{"embeddable":true,"href":"https:\/\/eldiariodesanpedro.com.ar\/sitio\/wp-json\/wp\/v2\/users\/4"}],"replies":[{"embeddable":true,"href":"https:\/\/eldiariodesanpedro.com.ar\/sitio\/wp-json\/wp\/v2\/comments?post=62332"}],"version-history":[{"count":1,"href":"https:\/\/eldiariodesanpedro.com.ar\/sitio\/wp-json\/wp\/v2\/posts\/62332\/revisions"}],"predecessor-version":[{"id":62334,"href":"https:\/\/eldiariodesanpedro.com.ar\/sitio\/wp-json\/wp\/v2\/posts\/62332\/revisions\/62334"}],"wp:featuredmedia":[{"embeddable":true,"href":"https:\/\/eldiariodesanpedro.com.ar\/sitio\/wp-json\/wp\/v2\/media\/62333"}],"wp:attachment":[{"href":"https:\/\/eldiariodesanpedro.com.ar\/sitio\/wp-json\/wp\/v2\/media?parent=62332"}],"wp:term":[{"taxonomy":"category","embeddable":true,"href":"https:\/\/eldiariodesanpedro.com.ar\/sitio\/wp-json\/wp\/v2\/categories?post=62332"},{"taxonomy":"post_tag","embeddable":true,"href":"https:\/\/eldiariodesanpedro.com.ar\/sitio\/wp-json\/wp\/v2\/tags?post=62332"}],"curies":[{"name":"wp","href":"https:\/\/api.w.org\/{rel}","templated":true}]}}