{"id":62330,"date":"2019-10-21T10:51:06","date_gmt":"2019-10-21T13:51:06","guid":{"rendered":"https:\/\/eldiariodesanpedro.com.ar\/sitio\/?p=62330"},"modified":"2019-10-21T10:57:29","modified_gmt":"2019-10-21T13:57:29","slug":"termoelectrica-uocra-confirma-100-despidos","status":"publish","type":"post","link":"https:\/\/eldiariodesanpedro.com.ar\/sitio\/termoelectrica-uocra-confirma-100-despidos\/","title":{"rendered":"Termoel\u00e9ctrica: UOCRA confirma 100 despidos"},"content":{"rendered":"<!-- VideographyWP Plugin Message: Automatic video embedding prevented by plugin options. -->\n\n<p>\u00abEl intendente miente\u00bb, expreso furioso Horacio Azzoni, Secretario General de UOCRA San Pedro,  \u00aben la central termoel\u00e9ctrica de la ruta 191 despidieron a cien trabajadores\u00bb. <\/p>\n\n\n\n<figure class=\"wp-block-image\"><img decoding=\"async\" width=\"900\" height=\"472\" data-attachment-id=\"62366\" data-permalink=\"https:\/\/eldiariodesanpedro.com.ar\/sitio\/termoelectrica-uocra-confirma-100-despidos\/azzoni-horacio-2\/\" data-orig-file=\"https:\/\/eldiariodesanpedro.com.ar\/sitio\/wp-content\/uploads\/2019\/10\/Azzoni-Horacio.jpg\" data-orig-size=\"900,472\" data-comments-opened=\"1\" data-image-meta=\"{&quot;aperture&quot;:&quot;0&quot;,&quot;credit&quot;:&quot;&quot;,&quot;camera&quot;:&quot;&quot;,&quot;caption&quot;:&quot;&quot;,&quot;created_timestamp&quot;:&quot;0&quot;,&quot;copyright&quot;:&quot;&quot;,&quot;focal_length&quot;:&quot;0&quot;,&quot;iso&quot;:&quot;0&quot;,&quot;shutter_speed&quot;:&quot;0&quot;,&quot;title&quot;:&quot;&quot;,&quot;orientation&quot;:&quot;0&quot;}\" data-image-title=\"Azzoni-Horacio\" data-image-description=\"\" data-image-caption=\"\" data-large-file=\"https:\/\/eldiariodesanpedro.com.ar\/sitio\/wp-content\/uploads\/2019\/10\/Azzoni-Horacio.jpg\" data-src=\"https:\/\/eldiariodesanpedro.com.ar\/sitio\/wp-content\/uploads\/2019\/10\/Azzoni-Horacio.jpg\" alt=\"\" class=\"wp-image-62366 lazyload\" data-srcset=\"https:\/\/eldiariodesanpedro.com.ar\/sitio\/wp-content\/uploads\/2019\/10\/Azzoni-Horacio.jpg 900w, https:\/\/eldiariodesanpedro.com.ar\/sitio\/wp-content\/uploads\/2019\/10\/Azzoni-Horacio-300x157.jpg 300w, https:\/\/eldiariodesanpedro.com.ar\/sitio\/wp-content\/uploads\/2019\/10\/Azzoni-Horacio-768x403.jpg 768w, https:\/\/eldiariodesanpedro.com.ar\/sitio\/wp-content\/uploads\/2019\/10\/Azzoni-Horacio-390x205.jpg 390w\" data-sizes=\"(max-width: 900px) 100vw, 900px\" src=\"data:image\/svg+xml;base64,PHN2ZyB3aWR0aD0iMSIgaGVpZ2h0PSIxIiB4bWxucz0iaHR0cDovL3d3dy53My5vcmcvMjAwMC9zdmciPjwvc3ZnPg==\" style=\"--smush-placeholder-width: 900px; --smush-placeholder-aspect-ratio: 900\/472;\" \/><\/figure>\n\n\n\n<p>En el mes de julio del corriente a\u00f1o, el Intendente del partido de San Pedro, Cecilio Salazar, junto a miembros <em>de <\/em>su gabinete y del HCD, fueron recibidos  por ejecutivos de la empresa Araucaria Energy, m\u00e1s precisamente por el CEO de la firma Santiago del Sel y recorrieron las instalaciones de la Central Termoel\u00e9ctrica ubicada en el distrito, los avances en las obras de ampliaci\u00f3n que se llevaban a cabo en el lugar y donde quedaba emplazada una tercera turbina generadora para brindar un mejor y m\u00e1s eficiente servicio el\u00e9ctrico. <\/p>\n\n\n\n<figure class=\"wp-block-image\"><img decoding=\"async\" width=\"1600\" height=\"1070\" data-attachment-id=\"62362\" data-permalink=\"https:\/\/eldiariodesanpedro.com.ar\/sitio\/termoelectrica-uocra-confirma-100-despidos\/attachment\/57196\/\" data-orig-file=\"https:\/\/eldiariodesanpedro.com.ar\/sitio\/wp-content\/uploads\/2019\/10\/57196.jpg\" data-orig-size=\"1600,1070\" data-comments-opened=\"1\" data-image-meta=\"{&quot;aperture&quot;:&quot;0&quot;,&quot;credit&quot;:&quot;&quot;,&quot;camera&quot;:&quot;&quot;,&quot;caption&quot;:&quot;&quot;,&quot;created_timestamp&quot;:&quot;0&quot;,&quot;copyright&quot;:&quot;&quot;,&quot;focal_length&quot;:&quot;0&quot;,&quot;iso&quot;:&quot;0&quot;,&quot;shutter_speed&quot;:&quot;0&quot;,&quot;title&quot;:&quot;&quot;,&quot;orientation&quot;:&quot;0&quot;}\" data-image-title=\"57196\" data-image-description=\"\" data-image-caption=\"\" data-large-file=\"https:\/\/eldiariodesanpedro.com.ar\/sitio\/wp-content\/uploads\/2019\/10\/57196-1024x685.jpg\" data-src=\"https:\/\/i1.wp.com\/eldiariodesanpedro.com.ar\/sitio\/wp-content\/uploads\/2019\/10\/57196.jpg?fit=660%2C442\" alt=\"\" class=\"wp-image-62362 lazyload\" data-srcset=\"https:\/\/eldiariodesanpedro.com.ar\/sitio\/wp-content\/uploads\/2019\/10\/57196.jpg 1600w, https:\/\/eldiariodesanpedro.com.ar\/sitio\/wp-content\/uploads\/2019\/10\/57196-300x201.jpg 300w, https:\/\/eldiariodesanpedro.com.ar\/sitio\/wp-content\/uploads\/2019\/10\/57196-768x514.jpg 768w, https:\/\/eldiariodesanpedro.com.ar\/sitio\/wp-content\/uploads\/2019\/10\/57196-1024x685.jpg 1024w\" data-sizes=\"(max-width: 1600px) 100vw, 1600px\" src=\"data:image\/svg+xml;base64,PHN2ZyB3aWR0aD0iMSIgaGVpZ2h0PSIxIiB4bWxucz0iaHR0cDovL3d3dy53My5vcmcvMjAwMC9zdmciPjwvc3ZnPg==\" style=\"--smush-placeholder-width: 1600px; --smush-placeholder-aspect-ratio: 1600\/1070;\" \/><\/figure>\n\n\n\n<p>Para el emplazamiento de una nueva turbina, implicaba una importante inversi\u00f3n y, seg\u00fan inform\u00f3 Del Sel, la contrataci\u00f3n de otros 100 empleados que se sumaban  alrededor de 300 que ya trabajan en la termoel\u00e9ctrica, que alcanzar\u00eda as\u00ed los 400 puestos de trabajo.<\/p>\n\n\n\n<p>Hoy en la actualidad, los 100 nuevos empleados fueron despedidos.<\/p>\n\n\n\n<figure class=\"wp-block-image\"><img decoding=\"async\" width=\"1600\" height=\"876\" data-attachment-id=\"62367\" data-permalink=\"https:\/\/eldiariodesanpedro.com.ar\/sitio\/termoelectrica-uocra-confirma-100-despidos\/attachment\/57195\/\" data-orig-file=\"https:\/\/eldiariodesanpedro.com.ar\/sitio\/wp-content\/uploads\/2019\/10\/57195.jpg\" data-orig-size=\"1600,876\" data-comments-opened=\"1\" data-image-meta=\"{&quot;aperture&quot;:&quot;0&quot;,&quot;credit&quot;:&quot;&quot;,&quot;camera&quot;:&quot;&quot;,&quot;caption&quot;:&quot;&quot;,&quot;created_timestamp&quot;:&quot;0&quot;,&quot;copyright&quot;:&quot;&quot;,&quot;focal_length&quot;:&quot;0&quot;,&quot;iso&quot;:&quot;0&quot;,&quot;shutter_speed&quot;:&quot;0&quot;,&quot;title&quot;:&quot;&quot;,&quot;orientation&quot;:&quot;0&quot;}\" data-image-title=\"57195\" data-image-description=\"\" data-image-caption=\"\" data-large-file=\"https:\/\/eldiariodesanpedro.com.ar\/sitio\/wp-content\/uploads\/2019\/10\/57195-1024x561.jpg\" data-src=\"https:\/\/i1.wp.com\/eldiariodesanpedro.com.ar\/sitio\/wp-content\/uploads\/2019\/10\/57195.jpg?fit=660%2C362\" alt=\"\" class=\"wp-image-62367 lazyload\" data-srcset=\"https:\/\/eldiariodesanpedro.com.ar\/sitio\/wp-content\/uploads\/2019\/10\/57195.jpg 1600w, https:\/\/eldiariodesanpedro.com.ar\/sitio\/wp-content\/uploads\/2019\/10\/57195-300x164.jpg 300w, https:\/\/eldiariodesanpedro.com.ar\/sitio\/wp-content\/uploads\/2019\/10\/57195-768x420.jpg 768w, https:\/\/eldiariodesanpedro.com.ar\/sitio\/wp-content\/uploads\/2019\/10\/57195-1024x561.jpg 1024w\" data-sizes=\"(max-width: 1600px) 100vw, 1600px\" src=\"data:image\/svg+xml;base64,PHN2ZyB3aWR0aD0iMSIgaGVpZ2h0PSIxIiB4bWxucz0iaHR0cDovL3d3dy53My5vcmcvMjAwMC9zdmciPjwvc3ZnPg==\" style=\"--smush-placeholder-width: 1600px; --smush-placeholder-aspect-ratio: 1600\/876;\" \/><\/figure>\n\n\n\n<p>La noticia se conoci\u00f3 en el debate de candidatos a intendentes, el mi\u00e9rcoles 16, programa emitido por el canal local \u00abSol TV\u00bb,  cuando Ademart Marabert del Frente de Izquierda, cont\u00f3 al aire que en la central Termoel\u00e9ctrica habr\u00edan despedidos mas de 100 trabajadores, lo que a esta noticia el Jefe Comunal salio al cruce manifestando que \u00abla central no esta parada, se sigue trabajando\u00bb.<\/p>\n\n\n\n<p>Esta ma\u00f1ana, Horacio Azzoni, Secretario General de UOCRA confirmo a los medios de comunicacion los despidos y ademas en una nota agrego, \u00abel intendente miente\u00bb, y cont\u00f3 todos los detalles, \u00abhemos tenido 100 despidos por las empresas Siemens y Milicic, que decidieron retirarse porque Araucaria no les est\u00e1 pagando\u00bb.<\/p>\n\n\n\n<p>Araucaria es un empresa dedicada a la generaci\u00f3n de energ\u00eda para el desarrollo del pa\u00eds, su industria y la preservaci\u00f3n del medio ambiente. El 20 de febrero logro poner en marcha la central.<\/p>\n\n\n\n<p> \u00abSiemens y Milicic (contratistas de las obras para la ampliaci\u00f3n de la central termoel\u00e9ctrica) decidieron retirarse, simplemente porque hace tres meses que no cobran, es preferible retirarse antes que no saber si les van a poder pagar  luego las liquidaciones  a los trabajadores\u00bb<\/p>\n\n\n\n<p>\u00abAraucaria dice que la obra la sigue despu\u00e9s de enero, vemos que las empresas est\u00e1n levantando todos el obrador, ac\u00e1 hay falta de pago, nosotros queremos que los trabajadores cobren su liquidaci\u00f3n final, su quincena como debe ser. De las contratistas 45\u00a0empleados despidi\u00f3 Siemens , que esta semana les arreglan la liquidaci\u00f3n,  50 Milicic, que tiene 72 horas para arreglarles el dinero y 5 la empresa REPSA\u00bb<\/p>\n\n\n\n<p>\u00abTenemos los mejores salarios de la provincia, tenemos un acumulativo 60 pesos la hora, hoy salen con una buena liquidaci\u00f3n, por eso repito, estamos negociando para que la gente cobre lo que corresponde,  no queremos llevar a un paro al trabajador, ni armar lio en una obra que estamos seguro que cuando cambie el gobierno las obras se van a reactivar nuevamente\u00bb.<\/p>\n\n\n\n<p>El secretario cont\u00f3 ademas situaciones que con las empresas que se viven en San Pedro y apunto contra el intendente Cecilio Salazar, \u00abno es solo la Termoel\u00e9ctrica, tuvimos 140 bajas en PREAR, no tiene obras y las que tiene no se pagan, este gobierno mato toda la mano de obra Argentina, las fuentes de trabajo caen, ac\u00e1 tampoco tenemos quien nos defienda, el intendente no defiende a los trabajadores, en UOCRA perdimos 600 trabajadores, y en los otros gremios?, Macchi, Coorblock, DYCASA, un mont\u00f3n de empresas constructoras grandes que perdieron, quien va a invertir en ladrillo, ac\u00e1 no se invirti\u00f3 mas en vivienda por ejemplo, a los empresarios les sirve m\u00e1s tener la plata en el banco, en la timba financiera\u00bb<\/p>\n\n\n\n<p>\u00abCecilio miente mucho, el d\u00eda lunes tuvo 50 telegramas y salio a decir que la Termoel\u00e9ctrica no estaba parada\u00bb<\/p>\n\n\n\n<p>Por ultimo dijo, \u00abnosotros queremos tener la planta abierta hasta las elecciones, este gobierno va a cambiar, hoy en San Pedro hay miseria, el Estado no esta presente\u00bb.<\/p>\n","protected":false},"excerpt":{"rendered":"<p>\u00abEl intendente miente\u00bb, expreso furioso Horacio Azzoni, Secretario General de UOCRA San Pedro, \u00aben la central termoel\u00e9ctrica de la ruta 191 despidieron a cien trabajadores\u00bb. En el mes de julio del corriente a\u00f1o, el Intendente del partido de San Pedro, Cecilio Salazar, junto a miembros de su gabinete y del HCD, fueron recibidos por ejecutivos [&hellip;]<\/p>\n","protected":false},"author":4,"featured_media":62372,"comment_status":"open","ping_status":"closed","sticky":false,"template":"","format":"standard","meta":{"om_disable_all_campaigns":false,"_jetpack_memberships_contains_paid_content":false,"footnotes":""},"categories":[50,101,2],"tags":[],"class_list":["post-62330","post","type-post","status-publish","format-standard","has-post-thumbnail","hentry","category-destacadas","category-interes-general-locales","category-locales"],"aioseo_notices":[],"gutentor_comment":0,"jetpack_featured_media_url":"https:\/\/eldiariodesanpedro.com.ar\/sitio\/wp-content\/uploads\/2019\/10\/Central-t\u00e9rmica-Siemens-2.png","jetpack_shortlink":"https:\/\/wp.me\/p6RhLt-gdk","jetpack_sharing_enabled":true,"_links":{"self":[{"href":"https:\/\/eldiariodesanpedro.com.ar\/sitio\/wp-json\/wp\/v2\/posts\/62330","targetHints":{"allow":["GET"]}}],"collection":[{"href":"https:\/\/eldiariodesanpedro.com.ar\/sitio\/wp-json\/wp\/v2\/posts"}],"about":[{"href":"https:\/\/eldiariodesanpedro.com.ar\/sitio\/wp-json\/wp\/v2\/types\/post"}],"author":[{"embeddable":true,"href":"https:\/\/eldiariodesanpedro.com.ar\/sitio\/wp-json\/wp\/v2\/users\/4"}],"replies":[{"embeddable":true,"href":"https:\/\/eldiariodesanpedro.com.ar\/sitio\/wp-json\/wp\/v2\/comments?post=62330"}],"version-history":[{"count":3,"href":"https:\/\/eldiariodesanpedro.com.ar\/sitio\/wp-json\/wp\/v2\/posts\/62330\/revisions"}],"predecessor-version":[{"id":62377,"href":"https:\/\/eldiariodesanpedro.com.ar\/sitio\/wp-json\/wp\/v2\/posts\/62330\/revisions\/62377"}],"wp:featuredmedia":[{"embeddable":true,"href":"https:\/\/eldiariodesanpedro.com.ar\/sitio\/wp-json\/wp\/v2\/media\/62372"}],"wp:attachment":[{"href":"https:\/\/eldiariodesanpedro.com.ar\/sitio\/wp-json\/wp\/v2\/media?parent=62330"}],"wp:term":[{"taxonomy":"category","embeddable":true,"href":"https:\/\/eldiariodesanpedro.com.ar\/sitio\/wp-json\/wp\/v2\/categories?post=62330"},{"taxonomy":"post_tag","embeddable":true,"href":"https:\/\/eldiariodesanpedro.com.ar\/sitio\/wp-json\/wp\/v2\/tags?post=62330"}],"curies":[{"name":"wp","href":"https:\/\/api.w.org\/{rel}","templated":true}]}}