{"id":62321,"date":"2019-10-21T09:05:15","date_gmt":"2019-10-21T12:05:15","guid":{"rendered":"https:\/\/eldiariodesanpedro.com.ar\/sitio\/?p=62321"},"modified":"2019-10-21T09:06:49","modified_gmt":"2019-10-21T12:06:49","slug":"grave-accidente-un-camion-impacta-a-otro-de-atras","status":"publish","type":"post","link":"https:\/\/eldiariodesanpedro.com.ar\/sitio\/grave-accidente-un-camion-impacta-a-otro-de-atras\/","title":{"rendered":"Grave accidente: Un cami\u00f3n impacta a otro de atr\u00e1s"},"content":{"rendered":"<!-- VideographyWP Plugin Message: Automatic video embedding prevented by plugin options. -->\n\n<p>El siniestro ocurri\u00f3 sobre Ruta 9 km 153 sobre el carril Rosario &#8211; Bs As. Un cami\u00f3n  impacta a otro por la parte trasera. Bomberos Voluntarios trabajo intensamente en el lugar donde le salvan la vida al ch\u00f3fer que colisiona, quien se encontraba atrapado en la cabina.<\/p>\n\n\n\n<figure class=\"wp-block-image\"><img decoding=\"async\" width=\"1024\" height=\"485\" data-attachment-id=\"62324\" data-permalink=\"https:\/\/eldiariodesanpedro.com.ar\/sitio\/grave-accidente-un-camion-impacta-a-otro-de-atras\/whatsapp-image-2019-10-21-at-8-40-51-am\/\" data-orig-file=\"https:\/\/eldiariodesanpedro.com.ar\/sitio\/wp-content\/uploads\/2019\/10\/WhatsApp-Image-2019-10-21-at-8.40.51-AM.jpeg\" data-orig-size=\"1152,546\" data-comments-opened=\"1\" data-image-meta=\"{&quot;aperture&quot;:&quot;0&quot;,&quot;credit&quot;:&quot;&quot;,&quot;camera&quot;:&quot;&quot;,&quot;caption&quot;:&quot;&quot;,&quot;created_timestamp&quot;:&quot;0&quot;,&quot;copyright&quot;:&quot;&quot;,&quot;focal_length&quot;:&quot;0&quot;,&quot;iso&quot;:&quot;0&quot;,&quot;shutter_speed&quot;:&quot;0&quot;,&quot;title&quot;:&quot;&quot;,&quot;orientation&quot;:&quot;0&quot;}\" data-image-title=\"WhatsApp-Image-2019-10-21-at-8.40.51-AM\" data-image-description=\"\" data-image-caption=\"\" data-large-file=\"https:\/\/eldiariodesanpedro.com.ar\/sitio\/wp-content\/uploads\/2019\/10\/WhatsApp-Image-2019-10-21-at-8.40.51-AM-1024x485.jpeg\" data-src=\"https:\/\/eldiariodesanpedro.com.ar\/sitio\/wp-content\/uploads\/2019\/10\/WhatsApp-Image-2019-10-21-at-8.40.51-AM-1024x485.jpeg\" alt=\"\" class=\"wp-image-62324 lazyload\" data-srcset=\"https:\/\/eldiariodesanpedro.com.ar\/sitio\/wp-content\/uploads\/2019\/10\/WhatsApp-Image-2019-10-21-at-8.40.51-AM-1024x485.jpeg 1024w, https:\/\/eldiariodesanpedro.com.ar\/sitio\/wp-content\/uploads\/2019\/10\/WhatsApp-Image-2019-10-21-at-8.40.51-AM-300x142.jpeg 300w, https:\/\/eldiariodesanpedro.com.ar\/sitio\/wp-content\/uploads\/2019\/10\/WhatsApp-Image-2019-10-21-at-8.40.51-AM-768x364.jpeg 768w, https:\/\/eldiariodesanpedro.com.ar\/sitio\/wp-content\/uploads\/2019\/10\/WhatsApp-Image-2019-10-21-at-8.40.51-AM.jpeg 1152w\" data-sizes=\"(max-width: 1024px) 100vw, 1024px\" src=\"data:image\/svg+xml;base64,PHN2ZyB3aWR0aD0iMSIgaGVpZ2h0PSIxIiB4bWxucz0iaHR0cDovL3d3dy53My5vcmcvMjAwMC9zdmciPjwvc3ZnPg==\" style=\"--smush-placeholder-width: 1024px; --smush-placeholder-aspect-ratio: 1024\/485;\" \/><\/figure>\n\n\n\n<p>Alrededor de las 5 de la ma\u00f1ana de este lunes se produjo este grave accidente donde milagrosamente una persona que quedo atrapada en la cabina del rodado, totalmente destruida, salvo su vida.<\/p>\n\n\n\n<p>A pocos metros de la ciudad, un cami\u00f3n de carga quien circulaba vaci\u00f3, impacta por la parte trasera a otro que trasladaba carb\u00f3n, quedando toda la carga desparramada en la calzada.<\/p>\n\n\n\n<p>El conductor que colisiona, oriundo de Corrientes, a causa del violento impacto queda atrapado entre los hierros de la cabina.<br><\/p>\n\n\n\n<p>Una dotaci\u00f3n del cuerpo de Bomberos Voluntarios de San Pedro intervino en el hecho y debi\u00f3 trabajar por algo m\u00e1s de una hora y media para poder liberar al chofer. Los Bomberos debieron utilizar todo tipo de herramientas para poder desmantelar la cabina y retirar con vida al trabajador. Tambi\u00e9n trabaj\u00f3 personal del Same.<\/p>\n\n\n\n<p>Roman Montenegro, a cargo de la dotaci\u00f3n  cont\u00f3 detalles de la intervenci\u00f3n, \u00ab8 personas trabajamos en el lugar, los chicos han hecho un gran trabajo, todas las capacitaciones que han tenido se vieron reflejado hoy en el lugar, logramos salvarle la vida al chofer\u00bb.<\/p>\n\n\n\n<p>Los propios auxiliares relataron tambi\u00e9n que el ch\u00f3fer result\u00f3 pr\u00e1cticamente ileso, y una vez rescatado hasta dialog\u00f3 con ellos sobre lo que hab\u00eda sucedido. M\u00e1s tarde fue trasladado por precauci\u00f3n a la guardia del hospital.<\/p>\n\n\n\n<ul class=\"wp-block-gallery columns-3 is-cropped wp-block-gallery-1 is-layout-flex wp-block-gallery-is-layout-flex\"><li class=\"blocks-gallery-item\"><figure><img decoding=\"async\" width=\"1152\" height=\"546\" data-attachment-id=\"62324\" data-permalink=\"https:\/\/eldiariodesanpedro.com.ar\/sitio\/grave-accidente-un-camion-impacta-a-otro-de-atras\/whatsapp-image-2019-10-21-at-8-40-51-am\/\" data-orig-file=\"https:\/\/eldiariodesanpedro.com.ar\/sitio\/wp-content\/uploads\/2019\/10\/WhatsApp-Image-2019-10-21-at-8.40.51-AM.jpeg\" data-orig-size=\"1152,546\" data-comments-opened=\"1\" data-image-meta=\"{&quot;aperture&quot;:&quot;0&quot;,&quot;credit&quot;:&quot;&quot;,&quot;camera&quot;:&quot;&quot;,&quot;caption&quot;:&quot;&quot;,&quot;created_timestamp&quot;:&quot;0&quot;,&quot;copyright&quot;:&quot;&quot;,&quot;focal_length&quot;:&quot;0&quot;,&quot;iso&quot;:&quot;0&quot;,&quot;shutter_speed&quot;:&quot;0&quot;,&quot;title&quot;:&quot;&quot;,&quot;orientation&quot;:&quot;0&quot;}\" data-image-title=\"WhatsApp-Image-2019-10-21-at-8.40.51-AM\" data-image-description=\"\" data-image-caption=\"\" data-large-file=\"https:\/\/eldiariodesanpedro.com.ar\/sitio\/wp-content\/uploads\/2019\/10\/WhatsApp-Image-2019-10-21-at-8.40.51-AM-1024x485.jpeg\" data-src=\"https:\/\/i0.wp.com\/eldiariodesanpedro.com.ar\/sitio\/wp-content\/uploads\/2019\/10\/WhatsApp-Image-2019-10-21-at-8.40.51-AM.jpeg?fit=660%2C313\" alt=\"\" data-id=\"62324\" data-link=\"https:\/\/eldiariodesanpedro.com.ar\/sitio\/?attachment_id=62324\" class=\"wp-image-62324 lazyload\" data-srcset=\"https:\/\/eldiariodesanpedro.com.ar\/sitio\/wp-content\/uploads\/2019\/10\/WhatsApp-Image-2019-10-21-at-8.40.51-AM.jpeg 1152w, https:\/\/eldiariodesanpedro.com.ar\/sitio\/wp-content\/uploads\/2019\/10\/WhatsApp-Image-2019-10-21-at-8.40.51-AM-300x142.jpeg 300w, https:\/\/eldiariodesanpedro.com.ar\/sitio\/wp-content\/uploads\/2019\/10\/WhatsApp-Image-2019-10-21-at-8.40.51-AM-768x364.jpeg 768w, https:\/\/eldiariodesanpedro.com.ar\/sitio\/wp-content\/uploads\/2019\/10\/WhatsApp-Image-2019-10-21-at-8.40.51-AM-1024x485.jpeg 1024w\" data-sizes=\"(max-width: 1152px) 100vw, 1152px\" src=\"data:image\/svg+xml;base64,PHN2ZyB3aWR0aD0iMSIgaGVpZ2h0PSIxIiB4bWxucz0iaHR0cDovL3d3dy53My5vcmcvMjAwMC9zdmciPjwvc3ZnPg==\" style=\"--smush-placeholder-width: 1152px; --smush-placeholder-aspect-ratio: 1152\/546;\" \/><\/figure><\/li><li class=\"blocks-gallery-item\"><figure><img decoding=\"async\" width=\"1152\" height=\"546\" data-attachment-id=\"62325\" data-permalink=\"https:\/\/eldiariodesanpedro.com.ar\/sitio\/grave-accidente-un-camion-impacta-a-otro-de-atras\/whatsapp-image-2019-10-21-at-8-40-52-am-1\/\" data-orig-file=\"https:\/\/eldiariodesanpedro.com.ar\/sitio\/wp-content\/uploads\/2019\/10\/WhatsApp-Image-2019-10-21-at-8.40.52-AM-1.jpeg\" data-orig-size=\"1152,546\" data-comments-opened=\"1\" data-image-meta=\"{&quot;aperture&quot;:&quot;0&quot;,&quot;credit&quot;:&quot;&quot;,&quot;camera&quot;:&quot;&quot;,&quot;caption&quot;:&quot;&quot;,&quot;created_timestamp&quot;:&quot;0&quot;,&quot;copyright&quot;:&quot;&quot;,&quot;focal_length&quot;:&quot;0&quot;,&quot;iso&quot;:&quot;0&quot;,&quot;shutter_speed&quot;:&quot;0&quot;,&quot;title&quot;:&quot;&quot;,&quot;orientation&quot;:&quot;0&quot;}\" data-image-title=\"WhatsApp-Image-2019-10-21-at-8.40.52-AM-1\" data-image-description=\"\" data-image-caption=\"\" data-large-file=\"https:\/\/eldiariodesanpedro.com.ar\/sitio\/wp-content\/uploads\/2019\/10\/WhatsApp-Image-2019-10-21-at-8.40.52-AM-1-1024x485.jpeg\" data-src=\"https:\/\/i1.wp.com\/eldiariodesanpedro.com.ar\/sitio\/wp-content\/uploads\/2019\/10\/WhatsApp-Image-2019-10-21-at-8.40.52-AM-1.jpeg?fit=660%2C313\" alt=\"\" data-id=\"62325\" data-link=\"https:\/\/eldiariodesanpedro.com.ar\/sitio\/?attachment_id=62325\" class=\"wp-image-62325 lazyload\" data-srcset=\"https:\/\/eldiariodesanpedro.com.ar\/sitio\/wp-content\/uploads\/2019\/10\/WhatsApp-Image-2019-10-21-at-8.40.52-AM-1.jpeg 1152w, https:\/\/eldiariodesanpedro.com.ar\/sitio\/wp-content\/uploads\/2019\/10\/WhatsApp-Image-2019-10-21-at-8.40.52-AM-1-300x142.jpeg 300w, https:\/\/eldiariodesanpedro.com.ar\/sitio\/wp-content\/uploads\/2019\/10\/WhatsApp-Image-2019-10-21-at-8.40.52-AM-1-768x364.jpeg 768w, https:\/\/eldiariodesanpedro.com.ar\/sitio\/wp-content\/uploads\/2019\/10\/WhatsApp-Image-2019-10-21-at-8.40.52-AM-1-1024x485.jpeg 1024w\" data-sizes=\"(max-width: 1152px) 100vw, 1152px\" src=\"data:image\/svg+xml;base64,PHN2ZyB3aWR0aD0iMSIgaGVpZ2h0PSIxIiB4bWxucz0iaHR0cDovL3d3dy53My5vcmcvMjAwMC9zdmciPjwvc3ZnPg==\" style=\"--smush-placeholder-width: 1152px; --smush-placeholder-aspect-ratio: 1152\/546;\" \/><\/figure><\/li><li class=\"blocks-gallery-item\"><figure><img decoding=\"async\" width=\"1152\" height=\"546\" data-attachment-id=\"62326\" data-permalink=\"https:\/\/eldiariodesanpedro.com.ar\/sitio\/grave-accidente-un-camion-impacta-a-otro-de-atras\/whatsapp-image-2019-10-21-at-8-40-55-am\/\" data-orig-file=\"https:\/\/eldiariodesanpedro.com.ar\/sitio\/wp-content\/uploads\/2019\/10\/WhatsApp-Image-2019-10-21-at-8.40.55-AM.jpeg\" data-orig-size=\"1152,546\" data-comments-opened=\"1\" data-image-meta=\"{&quot;aperture&quot;:&quot;0&quot;,&quot;credit&quot;:&quot;&quot;,&quot;camera&quot;:&quot;&quot;,&quot;caption&quot;:&quot;&quot;,&quot;created_timestamp&quot;:&quot;0&quot;,&quot;copyright&quot;:&quot;&quot;,&quot;focal_length&quot;:&quot;0&quot;,&quot;iso&quot;:&quot;0&quot;,&quot;shutter_speed&quot;:&quot;0&quot;,&quot;title&quot;:&quot;&quot;,&quot;orientation&quot;:&quot;0&quot;}\" data-image-title=\"WhatsApp-Image-2019-10-21-at-8.40.55-AM\" data-image-description=\"\" data-image-caption=\"\" data-large-file=\"https:\/\/eldiariodesanpedro.com.ar\/sitio\/wp-content\/uploads\/2019\/10\/WhatsApp-Image-2019-10-21-at-8.40.55-AM-1024x485.jpeg\" data-src=\"https:\/\/i2.wp.com\/eldiariodesanpedro.com.ar\/sitio\/wp-content\/uploads\/2019\/10\/WhatsApp-Image-2019-10-21-at-8.40.55-AM.jpeg?fit=660%2C313\" alt=\"\" data-id=\"62326\" data-link=\"https:\/\/eldiariodesanpedro.com.ar\/sitio\/?attachment_id=62326\" class=\"wp-image-62326 lazyload\" data-srcset=\"https:\/\/eldiariodesanpedro.com.ar\/sitio\/wp-content\/uploads\/2019\/10\/WhatsApp-Image-2019-10-21-at-8.40.55-AM.jpeg 1152w, https:\/\/eldiariodesanpedro.com.ar\/sitio\/wp-content\/uploads\/2019\/10\/WhatsApp-Image-2019-10-21-at-8.40.55-AM-300x142.jpeg 300w, https:\/\/eldiariodesanpedro.com.ar\/sitio\/wp-content\/uploads\/2019\/10\/WhatsApp-Image-2019-10-21-at-8.40.55-AM-768x364.jpeg 768w, https:\/\/eldiariodesanpedro.com.ar\/sitio\/wp-content\/uploads\/2019\/10\/WhatsApp-Image-2019-10-21-at-8.40.55-AM-1024x485.jpeg 1024w\" data-sizes=\"(max-width: 1152px) 100vw, 1152px\" src=\"data:image\/svg+xml;base64,PHN2ZyB3aWR0aD0iMSIgaGVpZ2h0PSIxIiB4bWxucz0iaHR0cDovL3d3dy53My5vcmcvMjAwMC9zdmciPjwvc3ZnPg==\" style=\"--smush-placeholder-width: 1152px; --smush-placeholder-aspect-ratio: 1152\/546;\" \/><\/figure><\/li><\/ul>\n\n\n\n<p>El Dr Herbas, Jefe de la Guardia del nosocomio local dialogo con los medios brindando el estado de salud del accidentado, \u00abingreso estable, primeramente presentaba politraumatismos varios, tiene una caracter\u00edstica particular, este hombre tiene una gran obesidad por lo que fue puesto inmediatamente a una serie de estudios, tiene un traumatismo en el miembro inferior y abdominal, va a quedar internado en observaci\u00f3n\u00bb,culmino.<\/p>\n\n\n\n<p>Im\u00e1genes gentileza Bomberos Voluntarios<\/p>\n\n\n\n<p>El transito ya fue liberado.<\/p>\n\n\n\n<figure class=\"wp-block-image\"><img decoding=\"async\" width=\"1280\" height=\"768\" data-attachment-id=\"62327\" data-permalink=\"https:\/\/eldiariodesanpedro.com.ar\/sitio\/grave-accidente-un-camion-impacta-a-otro-de-atras\/whatsapp-image-2019-10-21-at-8-27-38-am\/\" data-orig-file=\"https:\/\/eldiariodesanpedro.com.ar\/sitio\/wp-content\/uploads\/2019\/10\/WhatsApp-Image-2019-10-21-at-8.27.38-AM.jpeg\" data-orig-size=\"1280,768\" data-comments-opened=\"1\" data-image-meta=\"{&quot;aperture&quot;:&quot;0&quot;,&quot;credit&quot;:&quot;&quot;,&quot;camera&quot;:&quot;&quot;,&quot;caption&quot;:&quot;&quot;,&quot;created_timestamp&quot;:&quot;0&quot;,&quot;copyright&quot;:&quot;&quot;,&quot;focal_length&quot;:&quot;0&quot;,&quot;iso&quot;:&quot;0&quot;,&quot;shutter_speed&quot;:&quot;0&quot;,&quot;title&quot;:&quot;&quot;,&quot;orientation&quot;:&quot;0&quot;}\" data-image-title=\"WhatsApp-Image-2019-10-21-at-8.27.38-AM\" data-image-description=\"\" data-image-caption=\"\" data-large-file=\"https:\/\/eldiariodesanpedro.com.ar\/sitio\/wp-content\/uploads\/2019\/10\/WhatsApp-Image-2019-10-21-at-8.27.38-AM-1024x614.jpeg\" data-src=\"https:\/\/i1.wp.com\/eldiariodesanpedro.com.ar\/sitio\/wp-content\/uploads\/2019\/10\/WhatsApp-Image-2019-10-21-at-8.27.38-AM.jpeg?fit=660%2C396\" alt=\"\" class=\"wp-image-62327 lazyload\" data-srcset=\"https:\/\/eldiariodesanpedro.com.ar\/sitio\/wp-content\/uploads\/2019\/10\/WhatsApp-Image-2019-10-21-at-8.27.38-AM.jpeg 1280w, https:\/\/eldiariodesanpedro.com.ar\/sitio\/wp-content\/uploads\/2019\/10\/WhatsApp-Image-2019-10-21-at-8.27.38-AM-300x180.jpeg 300w, https:\/\/eldiariodesanpedro.com.ar\/sitio\/wp-content\/uploads\/2019\/10\/WhatsApp-Image-2019-10-21-at-8.27.38-AM-768x461.jpeg 768w, https:\/\/eldiariodesanpedro.com.ar\/sitio\/wp-content\/uploads\/2019\/10\/WhatsApp-Image-2019-10-21-at-8.27.38-AM-1024x614.jpeg 1024w\" data-sizes=\"(max-width: 1280px) 100vw, 1280px\" src=\"data:image\/svg+xml;base64,PHN2ZyB3aWR0aD0iMSIgaGVpZ2h0PSIxIiB4bWxucz0iaHR0cDovL3d3dy53My5vcmcvMjAwMC9zdmciPjwvc3ZnPg==\" style=\"--smush-placeholder-width: 1280px; --smush-placeholder-aspect-ratio: 1280\/768;\" \/><\/figure>\n\n\n\n<p><\/p>\n","protected":false},"excerpt":{"rendered":"<p>El siniestro ocurri\u00f3 sobre Ruta 9 km 153 sobre el carril Rosario &#8211; Bs As. Un cami\u00f3n impacta a otro por la parte trasera. Bomberos Voluntarios trabajo intensamente en el lugar donde le salvan la vida al ch\u00f3fer que colisiona, quien se encontraba atrapado en la cabina. Alrededor de las 5 de la ma\u00f1ana de [&hellip;]<\/p>\n","protected":false},"author":4,"featured_media":62322,"comment_status":"open","ping_status":"closed","sticky":false,"template":"","format":"standard","meta":{"om_disable_all_campaigns":false,"_jetpack_memberships_contains_paid_content":false,"footnotes":""},"categories":[50,2,103],"tags":[],"class_list":["post-62321","post","type-post","status-publish","format-standard","has-post-thumbnail","hentry","category-destacadas","category-locales","category-policiales-locales"],"aioseo_notices":[],"gutentor_comment":0,"jetpack_featured_media_url":"https:\/\/eldiariodesanpedro.com.ar\/sitio\/wp-content\/uploads\/2019\/10\/000080558.jpg","jetpack_shortlink":"https:\/\/wp.me\/p6RhLt-gdb","jetpack_sharing_enabled":true,"_links":{"self":[{"href":"https:\/\/eldiariodesanpedro.com.ar\/sitio\/wp-json\/wp\/v2\/posts\/62321","targetHints":{"allow":["GET"]}}],"collection":[{"href":"https:\/\/eldiariodesanpedro.com.ar\/sitio\/wp-json\/wp\/v2\/posts"}],"about":[{"href":"https:\/\/eldiariodesanpedro.com.ar\/sitio\/wp-json\/wp\/v2\/types\/post"}],"author":[{"embeddable":true,"href":"https:\/\/eldiariodesanpedro.com.ar\/sitio\/wp-json\/wp\/v2\/users\/4"}],"replies":[{"embeddable":true,"href":"https:\/\/eldiariodesanpedro.com.ar\/sitio\/wp-json\/wp\/v2\/comments?post=62321"}],"version-history":[{"count":2,"href":"https:\/\/eldiariodesanpedro.com.ar\/sitio\/wp-json\/wp\/v2\/posts\/62321\/revisions"}],"predecessor-version":[{"id":62329,"href":"https:\/\/eldiariodesanpedro.com.ar\/sitio\/wp-json\/wp\/v2\/posts\/62321\/revisions\/62329"}],"wp:featuredmedia":[{"embeddable":true,"href":"https:\/\/eldiariodesanpedro.com.ar\/sitio\/wp-json\/wp\/v2\/media\/62322"}],"wp:attachment":[{"href":"https:\/\/eldiariodesanpedro.com.ar\/sitio\/wp-json\/wp\/v2\/media?parent=62321"}],"wp:term":[{"taxonomy":"category","embeddable":true,"href":"https:\/\/eldiariodesanpedro.com.ar\/sitio\/wp-json\/wp\/v2\/categories?post=62321"},{"taxonomy":"post_tag","embeddable":true,"href":"https:\/\/eldiariodesanpedro.com.ar\/sitio\/wp-json\/wp\/v2\/tags?post=62321"}],"curies":[{"name":"wp","href":"https:\/\/api.w.org\/{rel}","templated":true}]}}