{"id":62320,"date":"2019-10-21T09:49:04","date_gmt":"2019-10-21T12:49:04","guid":{"rendered":"https:\/\/eldiariodesanpedro.com.ar\/sitio\/?p=62320"},"modified":"2019-10-21T09:49:08","modified_gmt":"2019-10-21T12:49:08","slug":"preocupacion-y-solidaridad-ante-hechos-vandalicos-en-comercios-centricos","status":"publish","type":"post","link":"https:\/\/eldiariodesanpedro.com.ar\/sitio\/preocupacion-y-solidaridad-ante-hechos-vandalicos-en-comercios-centricos\/","title":{"rendered":"Preocupaci\u00f3n y solidaridad ante hechos vand\u00e1licos en comercios c\u00e9ntricos"},"content":{"rendered":"<!-- VideographyWP Plugin Message: Automatic video embedding prevented by plugin options. -->\n\n<p>El Centro de Comercio, Industria y Turismo de San Pedro expresa su solidaridad con los comerciantes afectados por los hechos de vandalismo y robos sufridos durante la madrugada del s\u00e1bado que han generado, no s\u00f3lo p\u00e9rdidas materiales si no tambi\u00e9n lesiones y momentos de gran angustia en familias sampedrinas.<\/p>\n\n\n\n<p>Nuestra entidad acompa\u00f1a a quienes se han visto afectados y espera que la intervenci\u00f3n de las fuerzas de seguridad y la Justicia permitan proceder de la manera que corresponde ante hechos semejantes que amedrentan y preocupan al sector y la sociedad en general.<\/p>\n","protected":false},"excerpt":{"rendered":"<p>El Centro de Comercio, Industria y Turismo de San Pedro expresa su solidaridad con los comerciantes afectados por los hechos de vandalismo y robos sufridos durante la madrugada del s\u00e1bado que han generado, no s\u00f3lo p\u00e9rdidas materiales si no tambi\u00e9n lesiones y momentos de gran angustia en familias sampedrinas. Nuestra entidad acompa\u00f1a a quienes se [&hellip;]<\/p>\n","protected":false},"author":4,"featured_media":62345,"comment_status":"open","ping_status":"closed","sticky":false,"template":"","format":"standard","meta":{"om_disable_all_campaigns":false,"_jetpack_memberships_contains_paid_content":false,"footnotes":""},"categories":[101,2],"tags":[],"class_list":["post-62320","post","type-post","status-publish","format-standard","has-post-thumbnail","hentry","category-interes-general-locales","category-locales"],"aioseo_notices":[],"gutentor_comment":0,"jetpack_featured_media_url":"https:\/\/eldiariodesanpedro.com.ar\/sitio\/wp-content\/uploads\/2019\/10\/san-pedro-buenos-aires-3936049418-L.jpg","jetpack_shortlink":"https:\/\/wp.me\/p6RhLt-gda","jetpack_sharing_enabled":true,"_links":{"self":[{"href":"https:\/\/eldiariodesanpedro.com.ar\/sitio\/wp-json\/wp\/v2\/posts\/62320","targetHints":{"allow":["GET"]}}],"collection":[{"href":"https:\/\/eldiariodesanpedro.com.ar\/sitio\/wp-json\/wp\/v2\/posts"}],"about":[{"href":"https:\/\/eldiariodesanpedro.com.ar\/sitio\/wp-json\/wp\/v2\/types\/post"}],"author":[{"embeddable":true,"href":"https:\/\/eldiariodesanpedro.com.ar\/sitio\/wp-json\/wp\/v2\/users\/4"}],"replies":[{"embeddable":true,"href":"https:\/\/eldiariodesanpedro.com.ar\/sitio\/wp-json\/wp\/v2\/comments?post=62320"}],"version-history":[{"count":1,"href":"https:\/\/eldiariodesanpedro.com.ar\/sitio\/wp-json\/wp\/v2\/posts\/62320\/revisions"}],"predecessor-version":[{"id":62346,"href":"https:\/\/eldiariodesanpedro.com.ar\/sitio\/wp-json\/wp\/v2\/posts\/62320\/revisions\/62346"}],"wp:featuredmedia":[{"embeddable":true,"href":"https:\/\/eldiariodesanpedro.com.ar\/sitio\/wp-json\/wp\/v2\/media\/62345"}],"wp:attachment":[{"href":"https:\/\/eldiariodesanpedro.com.ar\/sitio\/wp-json\/wp\/v2\/media?parent=62320"}],"wp:term":[{"taxonomy":"category","embeddable":true,"href":"https:\/\/eldiariodesanpedro.com.ar\/sitio\/wp-json\/wp\/v2\/categories?post=62320"},{"taxonomy":"post_tag","embeddable":true,"href":"https:\/\/eldiariodesanpedro.com.ar\/sitio\/wp-json\/wp\/v2\/tags?post=62320"}],"curies":[{"name":"wp","href":"https:\/\/api.w.org\/{rel}","templated":true}]}}