{"id":62318,"date":"2019-10-20T18:19:25","date_gmt":"2019-10-20T21:19:25","guid":{"rendered":"https:\/\/eldiariodesanpedro.com.ar\/sitio\/?p=62318"},"modified":"2019-10-20T18:19:29","modified_gmt":"2019-10-20T21:19:29","slug":"robana-una-mujer-en-la-via-publica","status":"publish","type":"post","link":"https:\/\/eldiariodesanpedro.com.ar\/sitio\/robana-una-mujer-en-la-via-publica\/","title":{"rendered":"Robana una mujer en la v\u00eda p\u00fablica"},"content":{"rendered":"<!-- VideographyWP Plugin Message: Automatic video embedding prevented by plugin options. -->\n\n<p>En la comisar\u00eda local este s\u00e1bado se recibi\u00f3 la denuncia de una vecina de la ciudad que en horas del mediod\u00eda, circunstancias que circulaba en bicicleta por calle Caroni, momento que al llegar a la intersecci\u00f3n con Salta, es interceptada por dos masculinos, quienes circulaban en bicicleta, los que tras hacerle perder el equilibrio le sustraen la cartera, al que conten\u00eda efectos personales. <\/p>\n","protected":false},"excerpt":{"rendered":"<p>En la comisar\u00eda local este s\u00e1bado se recibi\u00f3 la denuncia de una vecina de la ciudad que en horas del mediod\u00eda, circunstancias que circulaba en bicicleta por calle Caroni, momento que al llegar a la intersecci\u00f3n con Salta, es interceptada por dos masculinos, quienes circulaban en bicicleta, los que tras hacerle perder el equilibrio le [&hellip;]<\/p>\n","protected":false},"author":4,"featured_media":45394,"comment_status":"open","ping_status":"closed","sticky":false,"template":"","format":"standard","meta":{"om_disable_all_campaigns":false,"_jetpack_memberships_contains_paid_content":false,"footnotes":""},"categories":[2,103],"tags":[],"class_list":["post-62318","post","type-post","status-publish","format-standard","has-post-thumbnail","hentry","category-locales","category-policiales-locales"],"aioseo_notices":[],"gutentor_comment":0,"jetpack_featured_media_url":"https:\/\/eldiariodesanpedro.com.ar\/sitio\/wp-content\/uploads\/2019\/01\/comisaria.jpg","jetpack_shortlink":"https:\/\/wp.me\/p6RhLt-gd8","jetpack_sharing_enabled":true,"_links":{"self":[{"href":"https:\/\/eldiariodesanpedro.com.ar\/sitio\/wp-json\/wp\/v2\/posts\/62318","targetHints":{"allow":["GET"]}}],"collection":[{"href":"https:\/\/eldiariodesanpedro.com.ar\/sitio\/wp-json\/wp\/v2\/posts"}],"about":[{"href":"https:\/\/eldiariodesanpedro.com.ar\/sitio\/wp-json\/wp\/v2\/types\/post"}],"author":[{"embeddable":true,"href":"https:\/\/eldiariodesanpedro.com.ar\/sitio\/wp-json\/wp\/v2\/users\/4"}],"replies":[{"embeddable":true,"href":"https:\/\/eldiariodesanpedro.com.ar\/sitio\/wp-json\/wp\/v2\/comments?post=62318"}],"version-history":[{"count":1,"href":"https:\/\/eldiariodesanpedro.com.ar\/sitio\/wp-json\/wp\/v2\/posts\/62318\/revisions"}],"predecessor-version":[{"id":62319,"href":"https:\/\/eldiariodesanpedro.com.ar\/sitio\/wp-json\/wp\/v2\/posts\/62318\/revisions\/62319"}],"wp:featuredmedia":[{"embeddable":true,"href":"https:\/\/eldiariodesanpedro.com.ar\/sitio\/wp-json\/wp\/v2\/media\/45394"}],"wp:attachment":[{"href":"https:\/\/eldiariodesanpedro.com.ar\/sitio\/wp-json\/wp\/v2\/media?parent=62318"}],"wp:term":[{"taxonomy":"category","embeddable":true,"href":"https:\/\/eldiariodesanpedro.com.ar\/sitio\/wp-json\/wp\/v2\/categories?post=62318"},{"taxonomy":"post_tag","embeddable":true,"href":"https:\/\/eldiariodesanpedro.com.ar\/sitio\/wp-json\/wp\/v2\/tags?post=62318"}],"curies":[{"name":"wp","href":"https:\/\/api.w.org\/{rel}","templated":true}]}}