{"id":62312,"date":"2019-10-20T18:13:54","date_gmt":"2019-10-20T21:13:54","guid":{"rendered":"https:\/\/eldiariodesanpedro.com.ar\/sitio\/?p=62312"},"modified":"2019-10-20T18:13:58","modified_gmt":"2019-10-20T21:13:58","slug":"una-pareja-aprehendidas-por-resistirse-a-la-autoridad","status":"publish","type":"post","link":"https:\/\/eldiariodesanpedro.com.ar\/sitio\/una-pareja-aprehendidas-por-resistirse-a-la-autoridad\/","title":{"rendered":"Una pareja aprehendidas por resistirse a la autoridad"},"content":{"rendered":"<!-- VideographyWP Plugin Message: Automatic video embedding prevented by plugin options. -->\n\n<p>Este domingo en horas de la madrugada  en calle Combate de Obligado al 200 se aprehende a una femenina y un masculino, ambos mayores de edad, quienes resultan ser pareja y los que momentos antes al arribo policial mantienen confrontaci\u00f3n, con agresiones f\u00edsica entre si y da\u00f1os sobre la propiedad, para luego ambos tornarse agresivos contra efectivos, resistiendo proceder. <\/p>\n","protected":false},"excerpt":{"rendered":"<p>Este domingo en horas de la madrugada en calle Combate de Obligado al 200 se aprehende a una femenina y un masculino, ambos mayores de edad, quienes resultan ser pareja y los que momentos antes al arribo policial mantienen confrontaci\u00f3n, con agresiones f\u00edsica entre si y da\u00f1os sobre la propiedad, para luego ambos tornarse agresivos [&hellip;]<\/p>\n","protected":false},"author":4,"featured_media":60956,"comment_status":"open","ping_status":"closed","sticky":false,"template":"","format":"standard","meta":{"om_disable_all_campaigns":false,"_jetpack_memberships_contains_paid_content":false,"footnotes":""},"categories":[2,103],"tags":[],"class_list":["post-62312","post","type-post","status-publish","format-standard","has-post-thumbnail","hentry","category-locales","category-policiales-locales"],"aioseo_notices":[],"gutentor_comment":0,"jetpack_featured_media_url":"https:\/\/eldiariodesanpedro.com.ar\/sitio\/wp-content\/uploads\/2019\/09\/nuevos-patrulleros-policia-02_5.jpg","jetpack_shortlink":"https:\/\/wp.me\/p6RhLt-gd2","jetpack_sharing_enabled":true,"_links":{"self":[{"href":"https:\/\/eldiariodesanpedro.com.ar\/sitio\/wp-json\/wp\/v2\/posts\/62312","targetHints":{"allow":["GET"]}}],"collection":[{"href":"https:\/\/eldiariodesanpedro.com.ar\/sitio\/wp-json\/wp\/v2\/posts"}],"about":[{"href":"https:\/\/eldiariodesanpedro.com.ar\/sitio\/wp-json\/wp\/v2\/types\/post"}],"author":[{"embeddable":true,"href":"https:\/\/eldiariodesanpedro.com.ar\/sitio\/wp-json\/wp\/v2\/users\/4"}],"replies":[{"embeddable":true,"href":"https:\/\/eldiariodesanpedro.com.ar\/sitio\/wp-json\/wp\/v2\/comments?post=62312"}],"version-history":[{"count":1,"href":"https:\/\/eldiariodesanpedro.com.ar\/sitio\/wp-json\/wp\/v2\/posts\/62312\/revisions"}],"predecessor-version":[{"id":62313,"href":"https:\/\/eldiariodesanpedro.com.ar\/sitio\/wp-json\/wp\/v2\/posts\/62312\/revisions\/62313"}],"wp:featuredmedia":[{"embeddable":true,"href":"https:\/\/eldiariodesanpedro.com.ar\/sitio\/wp-json\/wp\/v2\/media\/60956"}],"wp:attachment":[{"href":"https:\/\/eldiariodesanpedro.com.ar\/sitio\/wp-json\/wp\/v2\/media?parent=62312"}],"wp:term":[{"taxonomy":"category","embeddable":true,"href":"https:\/\/eldiariodesanpedro.com.ar\/sitio\/wp-json\/wp\/v2\/categories?post=62312"},{"taxonomy":"post_tag","embeddable":true,"href":"https:\/\/eldiariodesanpedro.com.ar\/sitio\/wp-json\/wp\/v2\/tags?post=62312"}],"curies":[{"name":"wp","href":"https:\/\/api.w.org\/{rel}","templated":true}]}}