{"id":62310,"date":"2019-10-20T18:12:40","date_gmt":"2019-10-20T21:12:40","guid":{"rendered":"https:\/\/eldiariodesanpedro.com.ar\/sitio\/?p=62310"},"modified":"2019-10-20T18:12:44","modified_gmt":"2019-10-20T21:12:44","slug":"un-aprehendido-por-tentativa-de-robo-2","status":"publish","type":"post","link":"https:\/\/eldiariodesanpedro.com.ar\/sitio\/un-aprehendido-por-tentativa-de-robo-2\/","title":{"rendered":"Un aprehendido por tentativa de robo"},"content":{"rendered":"<!-- VideographyWP Plugin Message: Automatic video embedding prevented by plugin options. -->\n\n<p>Este s\u00e1bado en Pellegrini entre Caroni y Novillo se aprehende masculino mayor de edad, quien momentos antes intent\u00f3 forzar puerta ingreso de comercio ubicado en el lugar, no logrando producir da\u00f1os ni constatando faltantes. Interv UFI 11 San Pedro dispone recaudos y libertad. Asimismo horas m\u00e1s tarde se procede a aprehender al mismo sujeto en calle Belgrano al 1130 de esta ciudad, quien en la ocasi\u00f3n se encontraba en la v\u00eda p\u00fablica en estado de ebriedad ocasionando disturbios. Intervenci\u00f3n Juzgado de Paz Letrado de San Pedro.<\/p>\n","protected":false},"excerpt":{"rendered":"<p>Este s\u00e1bado en Pellegrini entre Caroni y Novillo se aprehende masculino mayor de edad, quien momentos antes intent\u00f3 forzar puerta ingreso de comercio ubicado en el lugar, no logrando producir da\u00f1os ni constatando faltantes. Interv UFI 11 San Pedro dispone recaudos y libertad. Asimismo horas m\u00e1s tarde se procede a aprehender al mismo sujeto en [&hellip;]<\/p>\n","protected":false},"author":4,"featured_media":60965,"comment_status":"open","ping_status":"closed","sticky":false,"template":"","format":"standard","meta":{"om_disable_all_campaigns":false,"_jetpack_memberships_contains_paid_content":false,"footnotes":""},"categories":[2,103],"tags":[],"class_list":["post-62310","post","type-post","status-publish","format-standard","has-post-thumbnail","hentry","category-locales","category-policiales-locales"],"aioseo_notices":[],"gutentor_comment":0,"jetpack_featured_media_url":"https:\/\/eldiariodesanpedro.com.ar\/sitio\/wp-content\/uploads\/2019\/09\/481b02e42d146a4e99ba77fd5eedf3c3.jpg","jetpack_shortlink":"https:\/\/wp.me\/p6RhLt-gd0","jetpack_sharing_enabled":true,"_links":{"self":[{"href":"https:\/\/eldiariodesanpedro.com.ar\/sitio\/wp-json\/wp\/v2\/posts\/62310","targetHints":{"allow":["GET"]}}],"collection":[{"href":"https:\/\/eldiariodesanpedro.com.ar\/sitio\/wp-json\/wp\/v2\/posts"}],"about":[{"href":"https:\/\/eldiariodesanpedro.com.ar\/sitio\/wp-json\/wp\/v2\/types\/post"}],"author":[{"embeddable":true,"href":"https:\/\/eldiariodesanpedro.com.ar\/sitio\/wp-json\/wp\/v2\/users\/4"}],"replies":[{"embeddable":true,"href":"https:\/\/eldiariodesanpedro.com.ar\/sitio\/wp-json\/wp\/v2\/comments?post=62310"}],"version-history":[{"count":1,"href":"https:\/\/eldiariodesanpedro.com.ar\/sitio\/wp-json\/wp\/v2\/posts\/62310\/revisions"}],"predecessor-version":[{"id":62311,"href":"https:\/\/eldiariodesanpedro.com.ar\/sitio\/wp-json\/wp\/v2\/posts\/62310\/revisions\/62311"}],"wp:featuredmedia":[{"embeddable":true,"href":"https:\/\/eldiariodesanpedro.com.ar\/sitio\/wp-json\/wp\/v2\/media\/60965"}],"wp:attachment":[{"href":"https:\/\/eldiariodesanpedro.com.ar\/sitio\/wp-json\/wp\/v2\/media?parent=62310"}],"wp:term":[{"taxonomy":"category","embeddable":true,"href":"https:\/\/eldiariodesanpedro.com.ar\/sitio\/wp-json\/wp\/v2\/categories?post=62310"},{"taxonomy":"post_tag","embeddable":true,"href":"https:\/\/eldiariodesanpedro.com.ar\/sitio\/wp-json\/wp\/v2\/tags?post=62310"}],"curies":[{"name":"wp","href":"https:\/\/api.w.org\/{rel}","templated":true}]}}