{"id":62300,"date":"2019-10-20T17:41:26","date_gmt":"2019-10-20T20:41:26","guid":{"rendered":"https:\/\/eldiariodesanpedro.com.ar\/sitio\/?p=62300"},"modified":"2019-10-20T17:41:30","modified_gmt":"2019-10-20T20:41:30","slug":"actualizacion-de-obras-de-coopser-2","status":"publish","type":"post","link":"https:\/\/eldiariodesanpedro.com.ar\/sitio\/actualizacion-de-obras-de-coopser-2\/","title":{"rendered":"Actualizaci\u00f3n de obras de COOPSER"},"content":{"rendered":"<!-- VideographyWP Plugin Message: Automatic video embedding prevented by plugin options. -->\n\n<p><strong>El Departamento de Obras de COOPSER informa las novedades del sector, con el detalle de las tareas realizadas, en ejecuci\u00f3n y proyectadas.\u00a0<\/strong><\/p>\n\n\n\n<p>En la refacci\u00f3n del\u00a0<strong>Sal\u00f3n Comunitario<\/strong>\u00a0contin\u00faa el picado de revoque viejo, con reposici\u00f3n de revoque nuevo, previa impermeabilizaci\u00f3n con capa de ceresita. Actualmente se est\u00e1 trabajando la cara externa hacia la playa de estacionamiento lindante. Adem\u00e1s prosigue la fabricaci\u00f3n y montaje de estructuras met\u00e1licas dentro del sal\u00f3n con columnas, vigas, correas de piso y colocaci\u00f3n de placas de cemento para piso, m\u00e1s la ejecuci\u00f3n y montaje de un tramo de escalera.<\/p>\n\n\n\n<p>En las obras financiadas por el Fondo de Obras P\u00fablicas Comunitarias articulado con la Municipalidad de San Pedro, se est\u00e1 ejecutando la instalaci\u00f3n de alumbrado en calle A. de Ant\u00f3n, entre M. Novillo y R. Rojas.<\/p>\n\n\n\n<p>En el mismo marco se prepara con la compra de materiales una obra de extensi\u00f3n de la red de gas natural en Combate de Obligado entre P. Simonino y Lucio Mansilla con 14 frentistas beneficiarios.\u00a0En la zona de la ex cancha de Banfield donde ya se inaugur\u00f3 una escuela se ejecut\u00f3 la segunda etapa del entubado, contratado por la Municipalidad de San Pedro, con la colocaci\u00f3n de un ca\u00f1o pluvial de 40cm de di\u00e1metro, relleno de zanja y ejecuci\u00f3n de cord\u00f3n cuneta, en 40m de longitud, sobre calle Auli. La 2\u00ba etapa fue complementaria a los 130 metros que se ejecutaron en la primera hasta llegar hasta Avenida 11 de Septiembre.<\/p>\n\n\n\n<p>El informe se completa con la ejecuci\u00f3n de un bacheo en pavimento de hormig\u00f3n tambi\u00e9n solicitado por la Municipalidad de San Pedro comprendiendo 51 m2, \u00a0repartidos en tres puntos de la ciudad. Av. Sarmiento y Arnaldo, Uruguay y Oliveira Cezar y Caseros y Padre Santana.<\/p>\n","protected":false},"excerpt":{"rendered":"<p>El Departamento de Obras de COOPSER informa las novedades del sector, con el detalle de las tareas realizadas, en ejecuci\u00f3n y proyectadas.\u00a0 En la refacci\u00f3n del\u00a0Sal\u00f3n Comunitario\u00a0contin\u00faa el picado de revoque viejo, con reposici\u00f3n de revoque nuevo, previa impermeabilizaci\u00f3n con capa de ceresita. Actualmente se est\u00e1 trabajando la cara externa hacia la playa de estacionamiento [&hellip;]<\/p>\n","protected":false},"author":4,"featured_media":62301,"comment_status":"open","ping_status":"closed","sticky":false,"template":"","format":"standard","meta":{"om_disable_all_campaigns":false,"_jetpack_memberships_contains_paid_content":false,"footnotes":""},"categories":[101,2],"tags":[],"class_list":["post-62300","post","type-post","status-publish","format-standard","has-post-thumbnail","hentry","category-interes-general-locales","category-locales"],"aioseo_notices":[],"gutentor_comment":0,"jetpack_featured_media_url":"https:\/\/eldiariodesanpedro.com.ar\/sitio\/wp-content\/uploads\/2019\/10\/salon-octubre-2019-1.jpeg","jetpack_shortlink":"https:\/\/wp.me\/p6RhLt-gcQ","jetpack_sharing_enabled":true,"_links":{"self":[{"href":"https:\/\/eldiariodesanpedro.com.ar\/sitio\/wp-json\/wp\/v2\/posts\/62300","targetHints":{"allow":["GET"]}}],"collection":[{"href":"https:\/\/eldiariodesanpedro.com.ar\/sitio\/wp-json\/wp\/v2\/posts"}],"about":[{"href":"https:\/\/eldiariodesanpedro.com.ar\/sitio\/wp-json\/wp\/v2\/types\/post"}],"author":[{"embeddable":true,"href":"https:\/\/eldiariodesanpedro.com.ar\/sitio\/wp-json\/wp\/v2\/users\/4"}],"replies":[{"embeddable":true,"href":"https:\/\/eldiariodesanpedro.com.ar\/sitio\/wp-json\/wp\/v2\/comments?post=62300"}],"version-history":[{"count":1,"href":"https:\/\/eldiariodesanpedro.com.ar\/sitio\/wp-json\/wp\/v2\/posts\/62300\/revisions"}],"predecessor-version":[{"id":62302,"href":"https:\/\/eldiariodesanpedro.com.ar\/sitio\/wp-json\/wp\/v2\/posts\/62300\/revisions\/62302"}],"wp:featuredmedia":[{"embeddable":true,"href":"https:\/\/eldiariodesanpedro.com.ar\/sitio\/wp-json\/wp\/v2\/media\/62301"}],"wp:attachment":[{"href":"https:\/\/eldiariodesanpedro.com.ar\/sitio\/wp-json\/wp\/v2\/media?parent=62300"}],"wp:term":[{"taxonomy":"category","embeddable":true,"href":"https:\/\/eldiariodesanpedro.com.ar\/sitio\/wp-json\/wp\/v2\/categories?post=62300"},{"taxonomy":"post_tag","embeddable":true,"href":"https:\/\/eldiariodesanpedro.com.ar\/sitio\/wp-json\/wp\/v2\/tags?post=62300"}],"curies":[{"name":"wp","href":"https:\/\/api.w.org\/{rel}","templated":true}]}}