{"id":6230,"date":"2016-07-21T17:57:24","date_gmt":"2016-07-21T20:57:24","guid":{"rendered":"https:\/\/eldiariodesanpedro.com.ar\/sitio\/?p=6230"},"modified":"2016-07-21T17:58:50","modified_gmt":"2016-07-21T20:58:50","slug":"caballos-sueltos-provocaron-un-accidente-fatal-en-la-ruta-1001","status":"publish","type":"post","link":"https:\/\/eldiariodesanpedro.com.ar\/sitio\/caballos-sueltos-provocaron-un-accidente-fatal-en-la-ruta-1001\/","title":{"rendered":"Caballos sueltos provocaron un accidente fatal en la Ruta 1001"},"content":{"rendered":"<p><!-- VideographyWP Plugin Message: Automatic video embedding prevented by plugin options. --><br \/>\nEl grave siniestro ocurri\u00f3 cerca de las 2 AM el jueves en el Km. 7,5 de la Ruta 1001 en cercan\u00edas a Maxiconsumo. En ese lugar, un cami\u00f3n marca Iveco dominio, color blanco, con semirremolque, cargado con chapas, perteneciente a la empresa Digrazia; impact\u00f3 con dos caballos sueltos que cruzaban dicha arteria. Inmediatamente su conductor estacion\u00f3 el veh\u00edculo sobre la banquina y luego de unos minutos, por causas que se tratan de establecer, un autom\u00f3vil Fiat Palio Azul lo colision\u00f3 por detr\u00e1s.<br \/>\nComo consecuencia de ello, el conductor del rodado menor perdi\u00f3 la vida en el instante. El mismo fue identificado como Enzo Emmanuel Guevara.<br \/>\nLa UFI Nro.11 se encuentra a cargo de la causa, en primera instancia dispuso el cumplimiento de las actuaciones. Se hizo presente en la zona personal de polic\u00eda cient\u00edfica para llevar a cabo los peritajes, en tanto que persona de Bomberos Voluntarios prest\u00f3 colaboraci\u00f3n, al igual que el de inspecci\u00f3n tr\u00e1nsito.<br \/>\nLos veh\u00edculos fueron secuestrados con fines periciales. En tanto que horas de la ma\u00f1ana  personal policial cient\u00edfica San Nicol\u00e1s efectuar\u00e1 el traslado del cuerpo de la v\u00edctima, para practicar la autopsia en la sede morgue judicial de San Nicol\u00e1s.<\/p>\n<p>Caballos sueltos <\/p>\n<p>Luego de que trascendiera que el accidente de esta madrugada fue provocado por caballos, como suele pasar, comienzan a surgir denuncias de los vecinos de la ciudad que advierten sobre esta situaci\u00f3n en algunas zonas aleda\u00f1as a los ingresos a la ciudad.<br \/>\nJustamente la informaci\u00f3n suministrada a nuestro medio indica que la zona en donde ocurri\u00f3 el fatal accidente, es una de las m\u00e1s complicadas. A menudo estos animales que andan sueltos, cruzan peligrosamente la arteria y en esta oportunidad el incidente que se provoc\u00f3 le caus\u00f3 la muerte a un conductor.<br \/>\nLos que causaron el incidente de tr\u00e1nsito de este jueves, fallecieron pero otro, cerca de las 9 hs. se encontraba a\u00fan en cercan\u00edas. El propio Jefe Distrital Comisario Inspector Fabi\u00e1n Gallo  junto a un efectivo policial y personal de la Patrulla Rural lo retiraron de la zona. Estaba lastimado y hab\u00eda pasado toda la noche a la intemperie.<br \/>\nEn el radio urbano se han transformado en los \u00faltimos tiempos en parte cotidiana del \u00e9jido, en cualquier lugar p\u00fablico o terrenos privados sin construcci\u00f3n se los puede encontrar.<br \/>\nEs un problema que por el momento no tiene soluci\u00f3n, solo apelar a la responsabilidad de sus due\u00f1os para que esta situaciones no se repitan. Que est\u00e9n resguardados para que no se transformen en responsables de ocasionar este tipo de sucesos.<br \/>\nSeg\u00fan se pudo establecer, ni Polic\u00eda Rural ni la Municipalidad cuentan con un carro para poder transportarlos en el momento en que los automovilistas o vecinos de la zona denuncian que se encuentran en libertad. Tampoco existe un lugar f\u00edsico donde alojarlos en el caso en que sean secuestrados.<br \/>\nCabe destacar que hace tiempo atr\u00e1s derog\u00f3 la \u201cley de marcas\u201d en la Provincia de Buenos Aires, desde entonces no es obligatorio que los animales est\u00e9n identificados, con lo cual tampoco en la mayor\u00eda de las veces se puede establecer cu\u00e1les son sus due\u00f1os.<\/p>\n<p><a href=\"https:\/\/eldiariodesanpedro.com.ar\/sitio\/wp-content\/uploads\/2016\/07\/PAGINA-3-02-1.jpg\"><img decoding=\"async\" data-attachment-id=\"6233\" data-permalink=\"https:\/\/eldiariodesanpedro.com.ar\/sitio\/caballos-sueltos-provocaron-un-accidente-fatal-en-la-ruta-1001\/pagina-3-02-19\/\" data-orig-file=\"https:\/\/eldiariodesanpedro.com.ar\/sitio\/wp-content\/uploads\/2016\/07\/PAGINA-3-02-1.jpg\" data-orig-size=\"900,600\" data-comments-opened=\"1\" data-image-meta=\"{&quot;aperture&quot;:&quot;8&quot;,&quot;credit&quot;:&quot;&quot;,&quot;camera&quot;:&quot;Canon EOS 1100D&quot;,&quot;caption&quot;:&quot;&quot;,&quot;created_timestamp&quot;:&quot;1366483116&quot;,&quot;copyright&quot;:&quot;&quot;,&quot;focal_length&quot;:&quot;18&quot;,&quot;iso&quot;:&quot;400&quot;,&quot;shutter_speed&quot;:&quot;0.00625&quot;,&quot;title&quot;:&quot;&quot;,&quot;orientation&quot;:&quot;1&quot;}\" data-image-title=\"PAGINA 3 02\" data-image-description=\"\" data-image-caption=\"\" data-large-file=\"https:\/\/eldiariodesanpedro.com.ar\/sitio\/wp-content\/uploads\/2016\/07\/PAGINA-3-02-1.jpg\" data-src=\"https:\/\/eldiariodesanpedro.com.ar\/sitio\/wp-content\/uploads\/2016\/07\/PAGINA-3-02-1-300x200.jpg\" alt=\"PAGINA 3 02\" width=\"300\" height=\"200\" class=\"alignnone size-medium wp-image-6233 lazyload\" data-srcset=\"https:\/\/eldiariodesanpedro.com.ar\/sitio\/wp-content\/uploads\/2016\/07\/PAGINA-3-02-1-300x200.jpg 300w, https:\/\/eldiariodesanpedro.com.ar\/sitio\/wp-content\/uploads\/2016\/07\/PAGINA-3-02-1-768x512.jpg 768w, https:\/\/eldiariodesanpedro.com.ar\/sitio\/wp-content\/uploads\/2016\/07\/PAGINA-3-02-1.jpg 900w\" data-sizes=\"(max-width: 300px) 100vw, 300px\" src=\"data:image\/svg+xml;base64,PHN2ZyB3aWR0aD0iMSIgaGVpZ2h0PSIxIiB4bWxucz0iaHR0cDovL3d3dy53My5vcmcvMjAwMC9zdmciPjwvc3ZnPg==\" style=\"--smush-placeholder-width: 300px; --smush-placeholder-aspect-ratio: 300\/200;\" \/><\/a><\/p>\n<p><a href=\"https:\/\/eldiariodesanpedro.com.ar\/sitio\/wp-content\/uploads\/2016\/07\/PAGINA-3-03.jpg\"><img decoding=\"async\" data-attachment-id=\"6235\" data-permalink=\"https:\/\/eldiariodesanpedro.com.ar\/sitio\/caballos-sueltos-provocaron-un-accidente-fatal-en-la-ruta-1001\/pagina-3-03-3\/\" data-orig-file=\"https:\/\/eldiariodesanpedro.com.ar\/sitio\/wp-content\/uploads\/2016\/07\/PAGINA-3-03.jpg\" data-orig-size=\"900,600\" data-comments-opened=\"1\" data-image-meta=\"{&quot;aperture&quot;:&quot;10&quot;,&quot;credit&quot;:&quot;&quot;,&quot;camera&quot;:&quot;Canon EOS 1100D&quot;,&quot;caption&quot;:&quot;&quot;,&quot;created_timestamp&quot;:&quot;1366484847&quot;,&quot;copyright&quot;:&quot;&quot;,&quot;focal_length&quot;:&quot;27&quot;,&quot;iso&quot;:&quot;400&quot;,&quot;shutter_speed&quot;:&quot;0.004&quot;,&quot;title&quot;:&quot;&quot;,&quot;orientation&quot;:&quot;1&quot;}\" data-image-title=\"PAGINA 3 03\" data-image-description=\"\" data-image-caption=\"\" data-large-file=\"https:\/\/eldiariodesanpedro.com.ar\/sitio\/wp-content\/uploads\/2016\/07\/PAGINA-3-03.jpg\" data-src=\"https:\/\/eldiariodesanpedro.com.ar\/sitio\/wp-content\/uploads\/2016\/07\/PAGINA-3-03-300x200.jpg\" alt=\"PAGINA 3 03\" width=\"300\" height=\"200\" class=\"alignnone size-medium wp-image-6235 lazyload\" data-srcset=\"https:\/\/eldiariodesanpedro.com.ar\/sitio\/wp-content\/uploads\/2016\/07\/PAGINA-3-03-300x200.jpg 300w, https:\/\/eldiariodesanpedro.com.ar\/sitio\/wp-content\/uploads\/2016\/07\/PAGINA-3-03-768x512.jpg 768w, https:\/\/eldiariodesanpedro.com.ar\/sitio\/wp-content\/uploads\/2016\/07\/PAGINA-3-03.jpg 900w\" data-sizes=\"(max-width: 300px) 100vw, 300px\" src=\"data:image\/svg+xml;base64,PHN2ZyB3aWR0aD0iMSIgaGVpZ2h0PSIxIiB4bWxucz0iaHR0cDovL3d3dy53My5vcmcvMjAwMC9zdmciPjwvc3ZnPg==\" style=\"--smush-placeholder-width: 300px; --smush-placeholder-aspect-ratio: 300\/200;\" \/><\/a><\/p>\n","protected":false},"excerpt":{"rendered":"<p>El grave siniestro ocurri\u00f3 cerca de las 2 AM el jueves en el Km. 7,5 de la Ruta 1001 en cercan\u00edas a Maxiconsumo. En ese lugar, un cami\u00f3n marca Iveco dominio, color blanco, con semirremolque, cargado con chapas, perteneciente a la empresa Digrazia; impact\u00f3 con dos caballos sueltos que cruzaban dicha arteria. Inmediatamente su conductor [&hellip;]<\/p>\n","protected":false},"author":4,"featured_media":6231,"comment_status":"open","ping_status":"closed","sticky":false,"template":"","format":"standard","meta":{"om_disable_all_campaigns":false,"_jetpack_memberships_contains_paid_content":false,"footnotes":""},"categories":[50,101,2],"tags":[],"class_list":["post-6230","post","type-post","status-publish","format-standard","has-post-thumbnail","hentry","category-destacadas","category-interes-general-locales","category-locales"],"aioseo_notices":[],"gutentor_comment":0,"jetpack_featured_media_url":"https:\/\/eldiariodesanpedro.com.ar\/sitio\/wp-content\/uploads\/2016\/07\/PAGINA-3-01-1.jpg","jetpack_shortlink":"https:\/\/wp.me\/p6RhLt-1Cu","jetpack_sharing_enabled":true,"_links":{"self":[{"href":"https:\/\/eldiariodesanpedro.com.ar\/sitio\/wp-json\/wp\/v2\/posts\/6230","targetHints":{"allow":["GET"]}}],"collection":[{"href":"https:\/\/eldiariodesanpedro.com.ar\/sitio\/wp-json\/wp\/v2\/posts"}],"about":[{"href":"https:\/\/eldiariodesanpedro.com.ar\/sitio\/wp-json\/wp\/v2\/types\/post"}],"author":[{"embeddable":true,"href":"https:\/\/eldiariodesanpedro.com.ar\/sitio\/wp-json\/wp\/v2\/users\/4"}],"replies":[{"embeddable":true,"href":"https:\/\/eldiariodesanpedro.com.ar\/sitio\/wp-json\/wp\/v2\/comments?post=6230"}],"version-history":[{"count":3,"href":"https:\/\/eldiariodesanpedro.com.ar\/sitio\/wp-json\/wp\/v2\/posts\/6230\/revisions"}],"predecessor-version":[{"id":6236,"href":"https:\/\/eldiariodesanpedro.com.ar\/sitio\/wp-json\/wp\/v2\/posts\/6230\/revisions\/6236"}],"wp:featuredmedia":[{"embeddable":true,"href":"https:\/\/eldiariodesanpedro.com.ar\/sitio\/wp-json\/wp\/v2\/media\/6231"}],"wp:attachment":[{"href":"https:\/\/eldiariodesanpedro.com.ar\/sitio\/wp-json\/wp\/v2\/media?parent=6230"}],"wp:term":[{"taxonomy":"category","embeddable":true,"href":"https:\/\/eldiariodesanpedro.com.ar\/sitio\/wp-json\/wp\/v2\/categories?post=6230"},{"taxonomy":"post_tag","embeddable":true,"href":"https:\/\/eldiariodesanpedro.com.ar\/sitio\/wp-json\/wp\/v2\/tags?post=6230"}],"curies":[{"name":"wp","href":"https:\/\/api.w.org\/{rel}","templated":true}]}}