{"id":62294,"date":"2019-10-19T12:46:10","date_gmt":"2019-10-19T15:46:10","guid":{"rendered":"https:\/\/eldiariodesanpedro.com.ar\/sitio\/?p=62294"},"modified":"2019-10-19T12:46:15","modified_gmt":"2019-10-19T15:46:15","slug":"san-nicolas-se-abren-las-puertas-del-estadio-unico","status":"publish","type":"post","link":"https:\/\/eldiariodesanpedro.com.ar\/sitio\/san-nicolas-se-abren-las-puertas-del-estadio-unico\/","title":{"rendered":"SAN NICOLAS: Se abren las puertas del Estadio Unico"},"content":{"rendered":"<!-- VideographyWP Plugin Message: Automatic video embedding prevented by plugin options. -->\n\n<p><strong>Lleg\u00f3 el gran d\u00eda. El estadio de San Nicol\u00e1s tendr\u00e1 hoy su primer encuentro con los nicole\u00f1os, en una jornada que promete ser inolvidable. Las actividades en el predio comenzar\u00e1n a las 14.00, en tanto que a las 18.00 se habilitar\u00e1 el ingreso del p\u00fablico al flamante escenario. La ceremonia de apertura comenzar\u00e1 a las 19.30.<\/strong><\/p>\n\n\n\n<p><br>La expectativa es enorme, y qued\u00f3 demostrada a las claras el jueves cuando las entradas \u201cvolaron\u201d en los siete puntos de entrega que dispuso el Municipio. M\u00e1s de 20.000 nicole\u00f1os copar\u00e1n hoy por primera vez las tribunas del Estadio San Nicol\u00e1s, la obra de infraestructura deportiva m\u00e1s grande y ambiciosa de la historia de nuestra ciudad.El evento comenzar\u00e1 a las 14:00 en los alrededores del Estadio donde estar\u00e1 montada la \u201cFan Zone\u201d, con participaci\u00f3n de artistas locales, food trucks, patio cervecero y muchas actividades m\u00e1s. Para llegar hasta esa zona ser\u00e1 necesario presentar la entrada. A partir de las 18:00 las puertas del Estadio se abrir\u00e1n para que los asistentes puedan entrar a conocerlo y tomar sus ubicaciones para disfrutar de la ceremonia de apertura, cuyo inicio est\u00e1 anunciado para las 19:30. La organizaci\u00f3n \u2013a cargo de una empresa de Capital\u2013 ha logrado mantener un fuerte hermetismo respecto de la fiesta, que se estima durar\u00e1 cerca de cuatro horas y tendr\u00e1 \u201cde todo\u201d. \u201cHabr\u00e1 m\u00fasica, show de luces, espect\u00e1culo de danzas a\u00e9reas, animadores, bandas en vivo, baile, desfile y muchas cosas m\u00e1s. Y vos tambi\u00e9n vas a poder ser protagonista baj\u00e1ndote la app del evento\u201d, indic\u00f3 el comunicado oficial. La App ya est\u00e1 disponible para todos los celulares, se llama Iupix, y le permitir\u00e1 al p\u00fablico presente interactuar en la fiesta. La organizaci\u00f3n remarc\u00f3 tambi\u00e9n que por cuestiones de seguridad, estar\u00e1 prohibido ingresar con conservadoras, bebidas alcoh\u00f3licas y botellas de vidrio. Los asistentes s\u00ed podr\u00e1n llevar mate, agua o alimentos, o bien adquirirlos en el predio.Los presentadores ser\u00e1n Cecilia Bonelli y Esteban Edul, de activa presencia en los medios deportivos nacionales. La nicole\u00f1a es modelo y conductora, y actualmente encabeza uno de los env\u00edos de SportsCenter en ESPN, en tanto que Edul es uno de los conductores de mayor ascenso en los \u00faltimos tiempos en TyC Sports.<br><strong>\u00bfC\u00f3mo ir al Estadio?<\/strong>Para asistir a la Ceremonia de Apertura se dispondr\u00e1 de un parque de estacionamiento sobre calle Rucci, ingresando por Av. Alberdi (sector sur). All\u00ed podr\u00e1s dejar tu auto o la moto, que estar\u00e1n custodiadas por un equipo de voluntarios. El estacionamiento ser\u00e1 gratuito. El tr\u00e1nsito estar\u00e1 cortado en Rucci y Figueroa Alcorta y en D\u00e1maso Vald\u00e9s y Av. \u00c1lvarez. Desde all\u00ed, solo se podr\u00e1 ingresar a pie (anillos de seguridad).<br>L\u00edneas de colectivosPara quienes viajen en los colectivos del transporte p\u00fablico de pasajeros, se determinaron paradas especiales en cercan\u00edas al Estadio. As\u00ed mismo, para la vuelta habr\u00e1 m\u00e1s de 50 m\u00f3viles disponibles para evitar largos tiempos de espera. Estar\u00e1n apostados sobre calle D\u00e1maso Vald\u00e9s, entre Rucci y Del Pozo.<br>Zona norteSe dispondr\u00e1n de colectivos exclusivos que ir\u00e1n directo al Estadio con una frecuencia de 5 minutos. Saldr\u00e1n de Chiclana y Rodr\u00edguez (plaza de barrio Parque Norte) por Chiclana hasta Chacabuco y luego doblar\u00e1n en Zaracondegui hasta Av. Moreno y llegar\u00e1 al Estadio por D\u00e1maso Vald\u00e9s. En el horario de 14 a 18 horas.Zona oeste y La EmiliaPodr\u00e1n acceder en el 512 y bajarse en Av. Per\u00f3n y Rucci. Desde ah\u00ed son 6 cuadras hasta el inicio del control peatonal. O podr\u00e1n descender en Per\u00f3n y Botet y tomar el transfer gratuito con la l\u00ednea 510, hacia la parada exclusiva a metros del Estadio. La frecuencia de ambas l\u00edneas ser\u00e1 de 20 minutos.<br>Corredor 188 y delegacionesPodr\u00e1n acceder en el 500 o 507, seg\u00fan la zona, hasta el corredor c\u00e9ntrico y all\u00ed hacer el transfer gratuito con los colectivos exclusivos que saldr\u00e1n de Almafuerte y Juan B. Justo. Las dos l\u00edneas tienen una frecuencia de 30 minutos.<br>Zona sur y SomisaPodr\u00e1n acceder en el 510, directo al Estadio. O podr\u00e1n tomar el 501 y luego el transfer gratuito con los colectivos exclusivos que saldr\u00e1n de Almafuerte y Juan B. Justo. El 510 tiene una frecuencia de 20 minutos y el 501 de 30 minutos<br>Del centro al estadioSaldr\u00e1n cada 5 minutos, desde Almafuerte y Juan B. Justo, con paradas en Almafuerte y Garibaldi; Almafuerte y Naci\u00f3n; 9 de julio y Mitre. En los horarios de 14 a 18 horas. Si ven\u00eds desde cualquier punto de la ciudad en otra l\u00ednea de colectivo, el boleto transfer es gratuito.<br>RegresoSe dispondr\u00e1 de m\u00e1s de 50 colectivos que saldr\u00e1n desde D\u00e1maso Vald\u00e9s entre Rucci y Del Pozo, con rumbos a las distintas zonas de San Nicol\u00e1s y sus delegaciones. Adem\u00e1s, habr\u00e1 una d\u00e1rsena con m\u00e1s de 60 taxis y remises disponibles en la intersecci\u00f3n de Av. Rucci y Figueroa Alcorta.<\/p>\n\n\n\n<p>Fuente Diario El Norte<\/p>\n","protected":false},"excerpt":{"rendered":"<p>Lleg\u00f3 el gran d\u00eda. El estadio de San Nicol\u00e1s tendr\u00e1 hoy su primer encuentro con los nicole\u00f1os, en una jornada que promete ser inolvidable. Las actividades en el predio comenzar\u00e1n a las 14.00, en tanto que a las 18.00 se habilitar\u00e1 el ingreso del p\u00fablico al flamante escenario. La ceremonia de apertura comenzar\u00e1 a las [&hellip;]<\/p>\n","protected":false},"author":4,"featured_media":62296,"comment_status":"open","ping_status":"closed","sticky":false,"template":"","format":"standard","meta":{"om_disable_all_campaigns":false,"_jetpack_memberships_contains_paid_content":false,"footnotes":""},"categories":[621],"tags":[],"class_list":["post-62294","post","type-post","status-publish","format-standard","has-post-thumbnail","hentry","category-regionales"],"aioseo_notices":[],"gutentor_comment":0,"jetpack_featured_media_url":"https:\/\/eldiariodesanpedro.com.ar\/sitio\/wp-content\/uploads\/2019\/10\/PicsArt_10-19-12.44.27.png","jetpack_shortlink":"https:\/\/wp.me\/p6RhLt-gcK","jetpack_sharing_enabled":true,"_links":{"self":[{"href":"https:\/\/eldiariodesanpedro.com.ar\/sitio\/wp-json\/wp\/v2\/posts\/62294","targetHints":{"allow":["GET"]}}],"collection":[{"href":"https:\/\/eldiariodesanpedro.com.ar\/sitio\/wp-json\/wp\/v2\/posts"}],"about":[{"href":"https:\/\/eldiariodesanpedro.com.ar\/sitio\/wp-json\/wp\/v2\/types\/post"}],"author":[{"embeddable":true,"href":"https:\/\/eldiariodesanpedro.com.ar\/sitio\/wp-json\/wp\/v2\/users\/4"}],"replies":[{"embeddable":true,"href":"https:\/\/eldiariodesanpedro.com.ar\/sitio\/wp-json\/wp\/v2\/comments?post=62294"}],"version-history":[{"count":1,"href":"https:\/\/eldiariodesanpedro.com.ar\/sitio\/wp-json\/wp\/v2\/posts\/62294\/revisions"}],"predecessor-version":[{"id":62297,"href":"https:\/\/eldiariodesanpedro.com.ar\/sitio\/wp-json\/wp\/v2\/posts\/62294\/revisions\/62297"}],"wp:featuredmedia":[{"embeddable":true,"href":"https:\/\/eldiariodesanpedro.com.ar\/sitio\/wp-json\/wp\/v2\/media\/62296"}],"wp:attachment":[{"href":"https:\/\/eldiariodesanpedro.com.ar\/sitio\/wp-json\/wp\/v2\/media?parent=62294"}],"wp:term":[{"taxonomy":"category","embeddable":true,"href":"https:\/\/eldiariodesanpedro.com.ar\/sitio\/wp-json\/wp\/v2\/categories?post=62294"},{"taxonomy":"post_tag","embeddable":true,"href":"https:\/\/eldiariodesanpedro.com.ar\/sitio\/wp-json\/wp\/v2\/tags?post=62294"}],"curies":[{"name":"wp","href":"https:\/\/api.w.org\/{rel}","templated":true}]}}