{"id":62290,"date":"2019-10-19T11:57:57","date_gmt":"2019-10-19T14:57:57","guid":{"rendered":"https:\/\/eldiariodesanpedro.com.ar\/sitio\/?p=62290"},"modified":"2019-10-19T11:58:01","modified_gmt":"2019-10-19T14:58:01","slug":"robo-en-una-vivienda-de-gob-castro","status":"publish","type":"post","link":"https:\/\/eldiariodesanpedro.com.ar\/sitio\/robo-en-una-vivienda-de-gob-castro\/","title":{"rendered":"Robo en una vivienda de Gob. Castro"},"content":{"rendered":"<!-- VideographyWP Plugin Message: Automatic video embedding prevented by plugin options. -->\n\n<p>Sucedi\u00f3 hace d\u00edas atr\u00e1s, la vivienda se encontraba en ausencia de moradores, al regresar constataron el hecho.<\/p>\n\n\n\n<p>Un ciudadano de la localidad vecina de Gobernador Castro radico su denuncia este viernes contando que en su domicilio de calle Maximo s\/n constato que delincuentes ignorados violentaron la puerta de ingreso y sustrajeron varias herramientas, puertas placas y documentaci\u00f3n.<\/p>\n\n\n\n<p>Intervino la Fiscalia N\u00ba11.<\/p>\n","protected":false},"excerpt":{"rendered":"<p>Sucedi\u00f3 hace d\u00edas atr\u00e1s, la vivienda se encontraba en ausencia de moradores, al regresar constataron el hecho. Un ciudadano de la localidad vecina de Gobernador Castro radico su denuncia este viernes contando que en su domicilio de calle Maximo s\/n constato que delincuentes ignorados violentaron la puerta de ingreso y sustrajeron varias herramientas, puertas placas [&hellip;]<\/p>\n","protected":false},"author":4,"featured_media":60956,"comment_status":"open","ping_status":"closed","sticky":false,"template":"","format":"standard","meta":{"om_disable_all_campaigns":false,"_jetpack_memberships_contains_paid_content":false,"footnotes":""},"categories":[2,103],"tags":[],"class_list":["post-62290","post","type-post","status-publish","format-standard","has-post-thumbnail","hentry","category-locales","category-policiales-locales"],"aioseo_notices":[],"gutentor_comment":0,"jetpack_featured_media_url":"https:\/\/eldiariodesanpedro.com.ar\/sitio\/wp-content\/uploads\/2019\/09\/nuevos-patrulleros-policia-02_5.jpg","jetpack_shortlink":"https:\/\/wp.me\/p6RhLt-gcG","jetpack_sharing_enabled":true,"_links":{"self":[{"href":"https:\/\/eldiariodesanpedro.com.ar\/sitio\/wp-json\/wp\/v2\/posts\/62290","targetHints":{"allow":["GET"]}}],"collection":[{"href":"https:\/\/eldiariodesanpedro.com.ar\/sitio\/wp-json\/wp\/v2\/posts"}],"about":[{"href":"https:\/\/eldiariodesanpedro.com.ar\/sitio\/wp-json\/wp\/v2\/types\/post"}],"author":[{"embeddable":true,"href":"https:\/\/eldiariodesanpedro.com.ar\/sitio\/wp-json\/wp\/v2\/users\/4"}],"replies":[{"embeddable":true,"href":"https:\/\/eldiariodesanpedro.com.ar\/sitio\/wp-json\/wp\/v2\/comments?post=62290"}],"version-history":[{"count":1,"href":"https:\/\/eldiariodesanpedro.com.ar\/sitio\/wp-json\/wp\/v2\/posts\/62290\/revisions"}],"predecessor-version":[{"id":62291,"href":"https:\/\/eldiariodesanpedro.com.ar\/sitio\/wp-json\/wp\/v2\/posts\/62290\/revisions\/62291"}],"wp:featuredmedia":[{"embeddable":true,"href":"https:\/\/eldiariodesanpedro.com.ar\/sitio\/wp-json\/wp\/v2\/media\/60956"}],"wp:attachment":[{"href":"https:\/\/eldiariodesanpedro.com.ar\/sitio\/wp-json\/wp\/v2\/media?parent=62290"}],"wp:term":[{"taxonomy":"category","embeddable":true,"href":"https:\/\/eldiariodesanpedro.com.ar\/sitio\/wp-json\/wp\/v2\/categories?post=62290"},{"taxonomy":"post_tag","embeddable":true,"href":"https:\/\/eldiariodesanpedro.com.ar\/sitio\/wp-json\/wp\/v2\/tags?post=62290"}],"curies":[{"name":"wp","href":"https:\/\/api.w.org\/{rel}","templated":true}]}}