{"id":62287,"date":"2019-10-19T11:47:22","date_gmt":"2019-10-19T14:47:22","guid":{"rendered":"https:\/\/eldiariodesanpedro.com.ar\/sitio\/?p=62287"},"modified":"2019-10-19T11:47:26","modified_gmt":"2019-10-19T14:47:26","slug":"campana-voraz-incendio-destruye-un-auto","status":"publish","type":"post","link":"https:\/\/eldiariodesanpedro.com.ar\/sitio\/campana-voraz-incendio-destruye-un-auto\/","title":{"rendered":"CAMPANA: Voraz incendio destruye un auto"},"content":{"rendered":"<!-- VideographyWP Plugin Message: Automatic video embedding prevented by plugin options. -->\n\n<p> Fue hace instantes, en el ingreso a la empresa Atma, en el Camino del Progreso y de los Trabajadores.<\/p>\n\n\n\n<p> El conductor hab\u00eda idio a buscar a su hijo, y al intentar dar arranque al Renault 9, un cortocircuito lo envolvi\u00f3 en llamas, las cuales ocasionaron da\u00f1os totales al rodado. <\/p>\n\n\n\n<p>Bomberos extingui\u00f3 el siniestro. <\/p>\n\n\n\n<p>Fuente Campana Noticias<br><\/p>\n","protected":false},"excerpt":{"rendered":"<p>Fue hace instantes, en el ingreso a la empresa Atma, en el Camino del Progreso y de los Trabajadores. El conductor hab\u00eda idio a buscar a su hijo, y al intentar dar arranque al Renault 9, un cortocircuito lo envolvi\u00f3 en llamas, las cuales ocasionaron da\u00f1os totales al rodado. Bomberos extingui\u00f3 el siniestro. Fuente Campana [&hellip;]<\/p>\n","protected":false},"author":4,"featured_media":62288,"comment_status":"open","ping_status":"closed","sticky":false,"template":"","format":"standard","meta":{"om_disable_all_campaigns":false,"_jetpack_memberships_contains_paid_content":false,"footnotes":""},"categories":[621],"tags":[],"class_list":["post-62287","post","type-post","status-publish","format-standard","has-post-thumbnail","hentry","category-regionales"],"aioseo_notices":[],"gutentor_comment":0,"jetpack_featured_media_url":"https:\/\/eldiariodesanpedro.com.ar\/sitio\/wp-content\/uploads\/2019\/10\/20191019104017.jpg","jetpack_shortlink":"https:\/\/wp.me\/p6RhLt-gcD","jetpack_sharing_enabled":true,"_links":{"self":[{"href":"https:\/\/eldiariodesanpedro.com.ar\/sitio\/wp-json\/wp\/v2\/posts\/62287","targetHints":{"allow":["GET"]}}],"collection":[{"href":"https:\/\/eldiariodesanpedro.com.ar\/sitio\/wp-json\/wp\/v2\/posts"}],"about":[{"href":"https:\/\/eldiariodesanpedro.com.ar\/sitio\/wp-json\/wp\/v2\/types\/post"}],"author":[{"embeddable":true,"href":"https:\/\/eldiariodesanpedro.com.ar\/sitio\/wp-json\/wp\/v2\/users\/4"}],"replies":[{"embeddable":true,"href":"https:\/\/eldiariodesanpedro.com.ar\/sitio\/wp-json\/wp\/v2\/comments?post=62287"}],"version-history":[{"count":1,"href":"https:\/\/eldiariodesanpedro.com.ar\/sitio\/wp-json\/wp\/v2\/posts\/62287\/revisions"}],"predecessor-version":[{"id":62289,"href":"https:\/\/eldiariodesanpedro.com.ar\/sitio\/wp-json\/wp\/v2\/posts\/62287\/revisions\/62289"}],"wp:featuredmedia":[{"embeddable":true,"href":"https:\/\/eldiariodesanpedro.com.ar\/sitio\/wp-json\/wp\/v2\/media\/62288"}],"wp:attachment":[{"href":"https:\/\/eldiariodesanpedro.com.ar\/sitio\/wp-json\/wp\/v2\/media?parent=62287"}],"wp:term":[{"taxonomy":"category","embeddable":true,"href":"https:\/\/eldiariodesanpedro.com.ar\/sitio\/wp-json\/wp\/v2\/categories?post=62287"},{"taxonomy":"post_tag","embeddable":true,"href":"https:\/\/eldiariodesanpedro.com.ar\/sitio\/wp-json\/wp\/v2\/tags?post=62287"}],"curies":[{"name":"wp","href":"https:\/\/api.w.org\/{rel}","templated":true}]}}