{"id":62284,"date":"2019-10-19T11:44:45","date_gmt":"2019-10-19T14:44:45","guid":{"rendered":"https:\/\/eldiariodesanpedro.com.ar\/sitio\/?p=62284"},"modified":"2019-10-19T11:44:49","modified_gmt":"2019-10-19T14:44:49","slug":"campana-mas-de-4-000-estudiantes-secundarios-participaron-de-adolescencia-activa","status":"publish","type":"post","link":"https:\/\/eldiariodesanpedro.com.ar\/sitio\/campana-mas-de-4-000-estudiantes-secundarios-participaron-de-adolescencia-activa\/","title":{"rendered":"CAMPANA: M\u00e1s de 4.000 estudiantes secundarios participaron de Adolescencia Activa"},"content":{"rendered":"<!-- VideographyWP Plugin Message: Automatic video embedding prevented by plugin options. -->\n\n<p> El intendente Abella acompa\u00f1\u00f3 el cierre del programa de salud adolescente que desde hace 4 a\u00f1os aborda las distintas problem\u00e1ticas que atraviesan los j\u00f3venes.<\/p>\n\n\n\n<p>\n\nEl intendente Sebasti\u00e1n Abella particip\u00f3 del cierre del programa \u00abAdolescencia Activa\u00bb, en el que remarc\u00f3 que \u00abdesde hace cuatro a\u00f1os, la juventud tiene un espacio in\u00e9dito donde abordan las problem\u00e1ticas y situaciones que los atraviesan\u00bb.<\/p>\n\n\n\n<p>Esta fue la cuarta edici\u00f3n consecutiva de la iniciativa de salud adolescente impulsada por la Secretar\u00eda de Salud del Municipio con la colaboraci\u00f3n de Jefatura de Gabinete y la Secretar\u00eda de Desarrollo Social, que supo cosechar la participaci\u00f3n de m\u00e1s de 4.000 estudiantes de escuelas p\u00fablicas y privadas abordando problem\u00e1ticas que los tocan de cerca cotidianamente tales como bullying, adicciones, violencia de g\u00e9nero y trastornos alimenticios, entre tantos otros.<\/p>\n\n\n\n<p>Acompa\u00f1ado por la jefa de Gabinete, Mariela Schvartz; la secretaria de Desarrollo Social y H\u00e1bitat, Cecilia Acciardi; y la directora de Salud Comunitaria, Eleonora Penovi, el jefe comunal tambi\u00e9n remarc\u00f3 que \u00ablos chicos encontraron en este espacio de expresi\u00f3n una buena manera de tratar las situaciones que tienen que atravesar\u00bb.<\/p>\n\n\n\n<p>En tanto que, Schvartz sostuvo que \u00aba trav\u00e9s de \u00abAdolescencia Activa\u00bb, se ve rejado que en Campana tenemos un Estado municipal presente y con las puertas abiertas para escuchar a los j\u00f3venes de diferentes sectores de la ciudad\u00bb.<\/p>\n\n\n\n<p>Satisfecha con los resultados obtenidos a lo largo de las competencias estudiantiles, Penovi resalt\u00f3 que el equipo ganador \u00abLos Violetas\u00bb del Centro de Formaci\u00f3n Integral (CFI), fue la primera vez que particip\u00f3 del programa.<\/p>\n\n\n\n<p>\u00abEstamos muy contentos \u2013a\u00f1adi\u00f3- de la participaci\u00f3n comprometida de los j\u00f3venes a lo largo de Adolescencia Activa, porque detr\u00e1s de esto hay un trabajo muy fuerte para brindarles a los estudiantes acompa\u00f1amiento y herramientas para que puedan atravesar las distintas instancias de la vida en \u00f3ptimas condiciones\u00bb, al tiempo agradeci\u00f3 a la Escuela T\u00e9cnica Roberto Rocca por prestar las instalaciones para cada uno de los encuentros intercolegiales.<\/p>\n\n\n\n<p>Por su parte, el coordinador del programa, Juan Enrique Mirey, manifest\u00f3 que \u00aba trav\u00e9s de im\u00e1genes audiovisuales, los chicos abordaron problem\u00e1ticas de salud adolescente que est\u00e1n m\u00e1s asociadas a lo mental y social\u00bb.\n\n<\/p>\n\n\n\n<p><br><\/p>\n","protected":false},"excerpt":{"rendered":"<p>El intendente Abella acompa\u00f1\u00f3 el cierre del programa de salud adolescente que desde hace 4 a\u00f1os aborda las distintas problem\u00e1ticas que atraviesan los j\u00f3venes. El intendente Sebasti\u00e1n Abella particip\u00f3 del cierre del programa \u00abAdolescencia Activa\u00bb, en el que remarc\u00f3 que \u00abdesde hace cuatro a\u00f1os, la juventud tiene un espacio in\u00e9dito donde abordan las problem\u00e1ticas y [&hellip;]<\/p>\n","protected":false},"author":4,"featured_media":62285,"comment_status":"open","ping_status":"closed","sticky":false,"template":"","format":"standard","meta":{"om_disable_all_campaigns":false,"_jetpack_memberships_contains_paid_content":false,"footnotes":""},"categories":[621],"tags":[],"class_list":["post-62284","post","type-post","status-publish","format-standard","has-post-thumbnail","hentry","category-regionales"],"aioseo_notices":[],"gutentor_comment":0,"jetpack_featured_media_url":"https:\/\/eldiariodesanpedro.com.ar\/sitio\/wp-content\/uploads\/2019\/10\/20191018080528.jpg","jetpack_shortlink":"https:\/\/wp.me\/p6RhLt-gcA","jetpack_sharing_enabled":true,"_links":{"self":[{"href":"https:\/\/eldiariodesanpedro.com.ar\/sitio\/wp-json\/wp\/v2\/posts\/62284","targetHints":{"allow":["GET"]}}],"collection":[{"href":"https:\/\/eldiariodesanpedro.com.ar\/sitio\/wp-json\/wp\/v2\/posts"}],"about":[{"href":"https:\/\/eldiariodesanpedro.com.ar\/sitio\/wp-json\/wp\/v2\/types\/post"}],"author":[{"embeddable":true,"href":"https:\/\/eldiariodesanpedro.com.ar\/sitio\/wp-json\/wp\/v2\/users\/4"}],"replies":[{"embeddable":true,"href":"https:\/\/eldiariodesanpedro.com.ar\/sitio\/wp-json\/wp\/v2\/comments?post=62284"}],"version-history":[{"count":1,"href":"https:\/\/eldiariodesanpedro.com.ar\/sitio\/wp-json\/wp\/v2\/posts\/62284\/revisions"}],"predecessor-version":[{"id":62286,"href":"https:\/\/eldiariodesanpedro.com.ar\/sitio\/wp-json\/wp\/v2\/posts\/62284\/revisions\/62286"}],"wp:featuredmedia":[{"embeddable":true,"href":"https:\/\/eldiariodesanpedro.com.ar\/sitio\/wp-json\/wp\/v2\/media\/62285"}],"wp:attachment":[{"href":"https:\/\/eldiariodesanpedro.com.ar\/sitio\/wp-json\/wp\/v2\/media?parent=62284"}],"wp:term":[{"taxonomy":"category","embeddable":true,"href":"https:\/\/eldiariodesanpedro.com.ar\/sitio\/wp-json\/wp\/v2\/categories?post=62284"},{"taxonomy":"post_tag","embeddable":true,"href":"https:\/\/eldiariodesanpedro.com.ar\/sitio\/wp-json\/wp\/v2\/tags?post=62284"}],"curies":[{"name":"wp","href":"https:\/\/api.w.org\/{rel}","templated":true}]}}