{"id":62281,"date":"2019-10-19T11:37:58","date_gmt":"2019-10-19T14:37:58","guid":{"rendered":"https:\/\/eldiariodesanpedro.com.ar\/sitio\/?p=62281"},"modified":"2019-10-19T11:38:02","modified_gmt":"2019-10-19T14:38:02","slug":"villa-ramallo-destrozaron-pasacalles-y-carteles-de-juntos-por-el-cambio","status":"publish","type":"post","link":"https:\/\/eldiariodesanpedro.com.ar\/sitio\/villa-ramallo-destrozaron-pasacalles-y-carteles-de-juntos-por-el-cambio\/","title":{"rendered":"VILLA RAMALLO: Destrozaron pasacalles y carteles de Juntos por el Cambio"},"content":{"rendered":"<!-- VideographyWP Plugin Message: Automatic video embedding prevented by plugin options. -->\n\n<p>Las c\u00e1maras de seguridad no vieron nada ? La pol\u00edtica en Ramallo tambi\u00e9n tiene zona liberada\u2026!!!<\/p>\n\n\n\n<p>Hoy viernes por la ma\u00f1ana, se pod\u00eda observar todos los pasacalles que el d\u00eda anterior hab\u00edan sido colocados por militantes de Juntos por el Cambio en distintos lugares de la v\u00eda p\u00fablica de Villa Ramallo, rotos y destruidos. Este acto de vandalismo recuerdan las viejas pr\u00e1cticas de la pol\u00edtica, las cuales causan un profundo rechazo en la sociedad ramallense.<\/p>\n\n\n\n<p><strong>NO HUBO NING\u00daN GESTO SOLIDARIO NI DE REPUDIO POR PARTE DEL INTENDENTE POLETTI.<\/strong><\/p>\n\n\n\n<p>Lejos de solidarizarse y repudiar lo sucedido, el intendente de Ramallo, competidor pol\u00edtico del Prof. Gustavo Peri\u00e9 en la contienda electoral del pr\u00f3ximo domingo 27, se llam\u00f3 a silencio.<\/p>\n\n\n\n<p><strong>LAS C\u00c1MARAS EST\u00c1N PERO HUBO \u201cVISTA GORDA\u201d Y LIBERARON LA ZONA !!!<\/strong><\/p>\n\n\n\n<p>Muchos de los lugares donde sucedieron los da\u00f1os a los pasacalles de Juntos Por el Cambio, cuentan con c\u00e1maras de seguridad que podr\u00edan ayudar al esclarecimiento de lo sucedido, sin embargo, el Subsecretario de Seguridad Municipal Mart\u00edn Maidana y el Subsecretario de Gobierno, Juan Carlos Maciel, en la pr\u00e1ctica del famoso dicho \u201chaciendo vista gorda\u201d tampoco aportaron informaci\u00f3n sobre lo develado por el Centro de Monitoreo Municipal.<\/p>\n\n\n\n<p>FUENTE: RAMALLO CITY<\/p>\n","protected":false},"excerpt":{"rendered":"<p>Las c\u00e1maras de seguridad no vieron nada ? La pol\u00edtica en Ramallo tambi\u00e9n tiene zona liberada\u2026!!! Hoy viernes por la ma\u00f1ana, se pod\u00eda observar todos los pasacalles que el d\u00eda anterior hab\u00edan sido colocados por militantes de Juntos por el Cambio en distintos lugares de la v\u00eda p\u00fablica de Villa Ramallo, rotos y destruidos. Este [&hellip;]<\/p>\n","protected":false},"author":4,"featured_media":62282,"comment_status":"open","ping_status":"closed","sticky":false,"template":"","format":"standard","meta":{"om_disable_all_campaigns":false,"_jetpack_memberships_contains_paid_content":false,"footnotes":""},"categories":[621],"tags":[],"class_list":["post-62281","post","type-post","status-publish","format-standard","has-post-thumbnail","hentry","category-regionales"],"aioseo_notices":[],"gutentor_comment":0,"jetpack_featured_media_url":"https:\/\/eldiariodesanpedro.com.ar\/sitio\/wp-content\/uploads\/2019\/10\/PASACALLE-5-650x300.jpg","jetpack_shortlink":"https:\/\/wp.me\/p6RhLt-gcx","jetpack_sharing_enabled":true,"_links":{"self":[{"href":"https:\/\/eldiariodesanpedro.com.ar\/sitio\/wp-json\/wp\/v2\/posts\/62281","targetHints":{"allow":["GET"]}}],"collection":[{"href":"https:\/\/eldiariodesanpedro.com.ar\/sitio\/wp-json\/wp\/v2\/posts"}],"about":[{"href":"https:\/\/eldiariodesanpedro.com.ar\/sitio\/wp-json\/wp\/v2\/types\/post"}],"author":[{"embeddable":true,"href":"https:\/\/eldiariodesanpedro.com.ar\/sitio\/wp-json\/wp\/v2\/users\/4"}],"replies":[{"embeddable":true,"href":"https:\/\/eldiariodesanpedro.com.ar\/sitio\/wp-json\/wp\/v2\/comments?post=62281"}],"version-history":[{"count":1,"href":"https:\/\/eldiariodesanpedro.com.ar\/sitio\/wp-json\/wp\/v2\/posts\/62281\/revisions"}],"predecessor-version":[{"id":62283,"href":"https:\/\/eldiariodesanpedro.com.ar\/sitio\/wp-json\/wp\/v2\/posts\/62281\/revisions\/62283"}],"wp:featuredmedia":[{"embeddable":true,"href":"https:\/\/eldiariodesanpedro.com.ar\/sitio\/wp-json\/wp\/v2\/media\/62282"}],"wp:attachment":[{"href":"https:\/\/eldiariodesanpedro.com.ar\/sitio\/wp-json\/wp\/v2\/media?parent=62281"}],"wp:term":[{"taxonomy":"category","embeddable":true,"href":"https:\/\/eldiariodesanpedro.com.ar\/sitio\/wp-json\/wp\/v2\/categories?post=62281"},{"taxonomy":"post_tag","embeddable":true,"href":"https:\/\/eldiariodesanpedro.com.ar\/sitio\/wp-json\/wp\/v2\/tags?post=62281"}],"curies":[{"name":"wp","href":"https:\/\/api.w.org\/{rel}","templated":true}]}}