{"id":62278,"date":"2019-10-19T11:33:57","date_gmt":"2019-10-19T14:33:57","guid":{"rendered":"https:\/\/eldiariodesanpedro.com.ar\/sitio\/?p=62278"},"modified":"2019-10-19T11:34:01","modified_gmt":"2019-10-19T14:34:01","slug":"la-iglesia-destituyo-al-sacerdote-de-perez-millan-acusado-por-abuso-sexual","status":"publish","type":"post","link":"https:\/\/eldiariodesanpedro.com.ar\/sitio\/la-iglesia-destituyo-al-sacerdote-de-perez-millan-acusado-por-abuso-sexual\/","title":{"rendered":"La Iglesia destituyo al sacerdote de Perez Millan acusado por abuso sexual"},"content":{"rendered":"<!-- VideographyWP Plugin Message: Automatic video embedding prevented by plugin options. -->\n\n<p> La Congregaci\u00f3n para la Doctrina y la Fe y la Congregaci\u00f3n para el clero, con sede en el vaticano, destituyeron al sacerdote JUAN ENRIQUE ANTON, acusado de abuso sexual de menores y de m\u00faltiples acosos sexuales. Hoy para la Santa Sede Apost\u00f3lica, dejo de ser \u201cacusado\u201d para ser \u201cCULPABLE\u201d de las imputaciones y delitos que se le atribuyen.<\/p>\n\n\n\n<p><strong>ACCI\u00d3N PENAL:<\/strong><\/p>\n\n\n\n<p>La acci\u00f3n penal contra el mismo tramita bajo la IPP N\u00ba 10592\/14 por ante la UFI N\u00ba 4 del Departamento judicial San Nicol\u00e1s. Hoy se desconoce el paradero del denunciado. Las v\u00edctimas del acusado manifestaron su clara intenci\u00f3n de promover la acci\u00f3n penal en su contra. A\u00fan aguardan ser convocados por Mons. Monse\u00f1or Hugo Santiago, ordinario del&nbsp;<a href=\"https:\/\/www.facebook.com\/obispadosn\/?__tn__=K-R&amp;eid=ARAmar0Vapzg9T3CaYY0t7VMdr4dgxL-P4SKNcKmwMArA9Djc-iD9I8jWkGwdj3waza0sRdN-rCLJSm6&amp;fref=mentions&amp;__xts__%5B0%5D=68.ARDKXASYMs4wSw6Mq7_WaWuU_JCgXXgSSd15BiDLNR0TTS0kW4Y4y2Ek2XvJRo6oQ0GYcQ9KUrGPItesyPERhljvmI776HkBVr56ktC9aOv9uyxuIkiELD7gL1Fz5e5JtIIvwNHqpZys2CI5Qjr6eJVpR_aNFHnoZ_jtpz45XnlL9uBVsNXnXwtFgVCxvh4mXTmOz-YrAzgHc8FlZSG8pvCdRMKcmAkJLyK8u2rvZEt-HkIYzZgsNJwYwOjdpEdn9mKa2YwIPiJs_VbNi6TBVXG2FhkI8Qw2NO9MyHQjo_4h5zZqbNCSgh7d73EFQwugtyFsI2LCoqZ4Un2OtqgMJbIJHEMpwhdESbj0nQ\">Obispado San Nicol\u00e1s de los Arroyos<\/a>&nbsp;para la formal comunicaci\u00f3n de lo resuelto.<\/p>\n\n\n\n<p>El cura p\u00e1rroco de P\u00e9rez Mill\u00e1n fue separado de su cargo luego de una denuncia de docentes por el presunto abuso de dos ni\u00f1as de 10 y 13 a\u00f1os. La situaci\u00f3n se descubri\u00f3 cuando las dos menores discut\u00edan entre s\u00ed en la escuela y se acusaron mutuamente de acostarse con el sacerdote Juan Ant\u00f3n, de la parroquia \u00abSan Carlos Borromeo\u00bb de la vecina localidad de Perez Mill\u00e1n<\/p>\n\n\n\n<p><strong><em>DENUNCIA RADICADA POR DIRECTIVOS DE LA ESCUELA N\u00ba 16 DE PEREZ MILL\u00c1N<\/em><\/strong><\/p>\n\n\n\n<p>Tras indagar en el tema a trav\u00e9s del gabinete del colegio, los directivos radicaron la denuncia a trav\u00e9s del Consejo Escolar.<\/p>\n\n\n\n<p>Hugo Giacomelli, gerente de la Cooperativa de Servicios de P\u00e9rez Mill\u00e1n, quien hab\u00eda planteado sus cuestionamientos ante las actitudes del sacerdote durante los \u00faltimos diez a\u00f1os, explic\u00f3 que \u201cdos criaturas indigentes estaban en el patio de la Escuela 16 de P\u00e9rez Mill\u00e1n.\u00a0La madre de una de ellas le limpiaba la casa al cura. El p\u00e1rroco la hab\u00eda llevado a la ma\u00f1ana en el auto a la escuela. La maestra se fij\u00f3 pero no le dio importancia. En medio de uno de los recreos se pelean estas chicas por una mochila y le dice una a la otra \u2018vos c\u00e1llate la boca que te acost\u00e1s con el padre Juanchi\u2019 y la otra le contesta \u2018callate que vos tambi\u00e9n te acost\u00e1s y dorm\u00eds con \u00e9l\u2019\u201d. Luego trascendi\u00f3 que las ni\u00f1as pasaron cuatro d\u00edas con el cura abusador.<\/p>\n\n\n\n<p>\u201cEn estos diez a\u00f1os intent\u00f3 abusar de varias mujeres, cerrando las puertas de la parroquia para acorralarlas\u201d, agreg\u00f3 el dirigente institucional. Diez a\u00f1os y nadie dec\u00eda nada\u2026<\/p>\n\n\n\n<p>Las ni\u00f1as fueron trasladadas a un hogar para su resguardo, luego de su declaraci\u00f3n a la Justicia.<br>El sacerdote se habr\u00eda retirado de P\u00e9rez Mill\u00e1n y estar\u00eda en la ciudad de La Plata, en donde tiene parte de su familia.<\/p>\n\n\n\n<p><strong>LA CATEQUISTA QUE CALLABA Y AHORA HABL\u00d3<\/strong><\/p>\n\n\n\n<p>Graciela Gasol, catequista y secretaria de la parroquia de P\u00e9rez Mill\u00e1n, confirm\u00f3 hoy a medios radiales que el sacerdote Juan Enrique Ant\u00f3n \u201ctiene acusaciones de manosear a se\u00f1oras j\u00f3venes y a ni\u00f1os\u201d. Con 19 a\u00f1os de trayectoria en la comunidad parroquial, Graciela era la encargada de atender la liturgia y ayudar al cura \u201cen todo lo que pod\u00eda, por la fe en Jes\u00fas y en Mar\u00eda\u201d.<\/p>\n\n\n\n<p><strong>DOS MENORES TESTIMONIARON SER ABUSADAS<\/strong><\/p>\n\n\n\n<p>En la \u00faltima semana (principio de octubre 2014), se conoci\u00f3 la denuncia de directivos de la Escuela 16, por el testimonio de dos ni\u00f1as de 10 y 13 a\u00f1os, con indicios claros de un posible abuso.<\/p>\n\n\n\n<p>Sin embargo, no es \u00e9ste el \u00fanico episodio en el que se manifestaron sospechas sobre el accionar del religioso. \u201c\u00c9l mismo me dijo, no que abus\u00f3, sino que toc\u00f3 bendiciendo a la gente\u201d, explic\u00f3 la catequista. \u201cDe una ni\u00f1a, su pap\u00e1 se enoj\u00f3 mucho y quiso ir a parar la misa, pero lo termin\u00f3 convenciendo, porque parece como si fuera un psic\u00f3pata, porque tiene dos caras, yo lo fui conociendo as\u00ed. En lo personal, pienso que est\u00e1 enfermo, pero eso se ver\u00e1\u201d, consider\u00f3 la catequista, que call\u00f3 durante una d\u00e9cada todas estas situaciones que hoy cuenta. Muy grave.<\/p>\n\n\n\n<p>Con relaci\u00f3n al caso de las dos ni\u00f1as, que ahora est\u00e1n en un hogar de la ciudad de San Nicol\u00e1s a la espera de declarar a trav\u00e9s de C\u00e1mara Gesell, indic\u00f3 que \u201c\u00e9l me lo cuenta y dice que sospechaba que estaba embarazada y por eso le tocaba la panza\u201d.<\/p>\n\n\n\n<p>Una de las situaciones que m\u00e1s sospechas generaron en la comunidad es que las ni\u00f1as pasaron al menos una noche con el sacerdote. \u201cSi se quedaron, se quedaron una noche. Se quedaron a cenar, se ba\u00f1aron ah\u00ed. Eso es lo que \u00e9l me dijo a m\u00ed. Las chicas tienen la mam\u00e1 pero viven en una casa usurpada y les faltan muchas cosas. Me hab\u00eda manifestado que la mam\u00e1 trabajaba ah\u00ed y \u00e9l les daba comida\u201d agreg\u00f3 la mujer, que fue citada como testigo.<\/p>\n\n\n\n<p>FUENTE: RAMALLO CITY<\/p>\n\n\n\n<p><br><\/p>\n","protected":false},"excerpt":{"rendered":"<p>La Congregaci\u00f3n para la Doctrina y la Fe y la Congregaci\u00f3n para el clero, con sede en el vaticano, destituyeron al sacerdote JUAN ENRIQUE ANTON, acusado de abuso sexual de menores y de m\u00faltiples acosos sexuales. Hoy para la Santa Sede Apost\u00f3lica, dejo de ser \u201cacusado\u201d para ser \u201cCULPABLE\u201d de las imputaciones y delitos que [&hellip;]<\/p>\n","protected":false},"author":4,"featured_media":62279,"comment_status":"open","ping_status":"closed","sticky":false,"template":"","format":"standard","meta":{"om_disable_all_campaigns":false,"_jetpack_memberships_contains_paid_content":false,"footnotes":""},"categories":[621],"tags":[],"class_list":["post-62278","post","type-post","status-publish","format-standard","has-post-thumbnail","hentry","category-regionales"],"aioseo_notices":[],"gutentor_comment":0,"jetpack_featured_media_url":"https:\/\/eldiariodesanpedro.com.ar\/sitio\/wp-content\/uploads\/2019\/10\/juan-anton-695x300.jpg","jetpack_shortlink":"https:\/\/wp.me\/p6RhLt-gcu","jetpack_sharing_enabled":true,"_links":{"self":[{"href":"https:\/\/eldiariodesanpedro.com.ar\/sitio\/wp-json\/wp\/v2\/posts\/62278","targetHints":{"allow":["GET"]}}],"collection":[{"href":"https:\/\/eldiariodesanpedro.com.ar\/sitio\/wp-json\/wp\/v2\/posts"}],"about":[{"href":"https:\/\/eldiariodesanpedro.com.ar\/sitio\/wp-json\/wp\/v2\/types\/post"}],"author":[{"embeddable":true,"href":"https:\/\/eldiariodesanpedro.com.ar\/sitio\/wp-json\/wp\/v2\/users\/4"}],"replies":[{"embeddable":true,"href":"https:\/\/eldiariodesanpedro.com.ar\/sitio\/wp-json\/wp\/v2\/comments?post=62278"}],"version-history":[{"count":1,"href":"https:\/\/eldiariodesanpedro.com.ar\/sitio\/wp-json\/wp\/v2\/posts\/62278\/revisions"}],"predecessor-version":[{"id":62280,"href":"https:\/\/eldiariodesanpedro.com.ar\/sitio\/wp-json\/wp\/v2\/posts\/62278\/revisions\/62280"}],"wp:featuredmedia":[{"embeddable":true,"href":"https:\/\/eldiariodesanpedro.com.ar\/sitio\/wp-json\/wp\/v2\/media\/62279"}],"wp:attachment":[{"href":"https:\/\/eldiariodesanpedro.com.ar\/sitio\/wp-json\/wp\/v2\/media?parent=62278"}],"wp:term":[{"taxonomy":"category","embeddable":true,"href":"https:\/\/eldiariodesanpedro.com.ar\/sitio\/wp-json\/wp\/v2\/categories?post=62278"},{"taxonomy":"post_tag","embeddable":true,"href":"https:\/\/eldiariodesanpedro.com.ar\/sitio\/wp-json\/wp\/v2\/tags?post=62278"}],"curies":[{"name":"wp","href":"https:\/\/api.w.org\/{rel}","templated":true}]}}