{"id":62274,"date":"2019-10-19T11:11:22","date_gmt":"2019-10-19T14:11:22","guid":{"rendered":"https:\/\/eldiariodesanpedro.com.ar\/sitio\/?p=62274"},"modified":"2019-10-19T11:16:42","modified_gmt":"2019-10-19T14:16:42","slug":"violencia-un-menor-inconsciente-tras-una-salvaje-golpiza","status":"publish","type":"post","link":"https:\/\/eldiariodesanpedro.com.ar\/sitio\/violencia-un-menor-inconsciente-tras-una-salvaje-golpiza\/","title":{"rendered":"Violencia: Un menor inconsciente tras una salvaje golpiza"},"content":{"rendered":"<!-- VideographyWP Plugin Message: Automatic video embedding prevented by plugin options. -->\n\n<p>El aberrante hecho ocurri\u00f3 cerca de las 17 horas de este viernes, un joven de 14 a\u00f1os de edad fue golpeado salvajemente por otro menor, en inmediaciones del barrio Fonavi 2.<\/p>\n\n\n\n<p> Un nuevo caso de violencia se registr\u00f3 este viernes por parte\u00a0de dos adolescentes. El agresor tiene 16 a\u00f1os de edad y resulta ser el novio de una amiga con quien se encontraba la victima.<\/p>\n\n\n\n<p>La familia del chico golpeado, quien se encuentra internado en el nosocomio local con politraumatismos en su cuerpo y traumatismo de cr\u00e1neo,  decidi\u00f3 contar a nuestro medio de redacci\u00f3n sobre lo ocurrido, con mucha impotencia, dolor y bronca dec\u00edan:<\/p>\n\n\n\n<p>\u00abElias fue a visitar a su amiga, el ya sabia que ella tiene un novio que es violento porque ya tuvo otra situaci\u00f3n en la escuela con este chico donde lo amenazo\u00bb<\/p>\n\n\n\n<p>Luego de un rato, el violnto llega y su amiga al verlo se pone muy nerviosa por miedo a que le haga algo a Elias e intenta que salga por atras, tratando de esconderlo\u00bb<\/p>\n\n\n\n<p>\u00abEl novio se da cuenta y lo sale a correr, logra alcanzarlo y lo tira al piso pegandole patadas en el cuerpo y con una manopla no paraba de pegarle en la cara, en la cabeza hasta que lo deja tirado inconsciente y se va\u00bb<\/p>\n\n\n\n<p>\u00bb A nosotros nos avisan de un tel\u00e9fono desconocido que lo estaba trasladando la ambulancia al hospital, que Elias no reaccionaba\u00bb<\/p>\n\n\n\n<p>\u00abAhora continua internado, esta estable pero tiene toda la cara desfigurada,  lo dejo casi muerto este pibe y se fue, esta persona esta muy mal  de la cabeza\u00bb.<\/p>\n\n\n\n<p>La familia radico su denuncia correspondiente en la dependencia local, se encuentra en materia de investigaci\u00f3n.<\/p>\n\n\n\n<p><\/p>\n","protected":false},"excerpt":{"rendered":"<p>El aberrante hecho ocurri\u00f3 cerca de las 17 horas de este viernes, un joven de 14 a\u00f1os de edad fue golpeado salvajemente por otro menor, en inmediaciones del barrio Fonavi 2. Un nuevo caso de violencia se registr\u00f3 este viernes por parte\u00a0de dos adolescentes. El agresor tiene 16 a\u00f1os de edad y resulta ser el [&hellip;]<\/p>\n","protected":false},"author":4,"featured_media":62275,"comment_status":"open","ping_status":"closed","sticky":false,"template":"","format":"standard","meta":{"om_disable_all_campaigns":false,"_jetpack_memberships_contains_paid_content":false,"footnotes":""},"categories":[50,2,103],"tags":[],"class_list":["post-62274","post","type-post","status-publish","format-standard","has-post-thumbnail","hentry","category-destacadas","category-locales","category-policiales-locales"],"aioseo_notices":[],"gutentor_comment":0,"jetpack_featured_media_url":"https:\/\/eldiariodesanpedro.com.ar\/sitio\/wp-content\/uploads\/2019\/10\/PicsArt_10-19-11.05.22-e1571494172408.jpg","jetpack_shortlink":"https:\/\/wp.me\/p6RhLt-gcq","jetpack_sharing_enabled":true,"_links":{"self":[{"href":"https:\/\/eldiariodesanpedro.com.ar\/sitio\/wp-json\/wp\/v2\/posts\/62274","targetHints":{"allow":["GET"]}}],"collection":[{"href":"https:\/\/eldiariodesanpedro.com.ar\/sitio\/wp-json\/wp\/v2\/posts"}],"about":[{"href":"https:\/\/eldiariodesanpedro.com.ar\/sitio\/wp-json\/wp\/v2\/types\/post"}],"author":[{"embeddable":true,"href":"https:\/\/eldiariodesanpedro.com.ar\/sitio\/wp-json\/wp\/v2\/users\/4"}],"replies":[{"embeddable":true,"href":"https:\/\/eldiariodesanpedro.com.ar\/sitio\/wp-json\/wp\/v2\/comments?post=62274"}],"version-history":[{"count":2,"href":"https:\/\/eldiariodesanpedro.com.ar\/sitio\/wp-json\/wp\/v2\/posts\/62274\/revisions"}],"predecessor-version":[{"id":62277,"href":"https:\/\/eldiariodesanpedro.com.ar\/sitio\/wp-json\/wp\/v2\/posts\/62274\/revisions\/62277"}],"wp:featuredmedia":[{"embeddable":true,"href":"https:\/\/eldiariodesanpedro.com.ar\/sitio\/wp-json\/wp\/v2\/media\/62275"}],"wp:attachment":[{"href":"https:\/\/eldiariodesanpedro.com.ar\/sitio\/wp-json\/wp\/v2\/media?parent=62274"}],"wp:term":[{"taxonomy":"category","embeddable":true,"href":"https:\/\/eldiariodesanpedro.com.ar\/sitio\/wp-json\/wp\/v2\/categories?post=62274"},{"taxonomy":"post_tag","embeddable":true,"href":"https:\/\/eldiariodesanpedro.com.ar\/sitio\/wp-json\/wp\/v2\/tags?post=62274"}],"curies":[{"name":"wp","href":"https:\/\/api.w.org\/{rel}","templated":true}]}}