{"id":6227,"date":"2016-07-21T17:53:06","date_gmt":"2016-07-21T20:53:06","guid":{"rendered":"https:\/\/eldiariodesanpedro.com.ar\/sitio\/?p=6227"},"modified":"2016-07-21T17:53:06","modified_gmt":"2016-07-21T20:53:06","slug":"baradero-apand-suma-otra-denuncia-por-golpes-y-maltrato","status":"publish","type":"post","link":"https:\/\/eldiariodesanpedro.com.ar\/sitio\/baradero-apand-suma-otra-denuncia-por-golpes-y-maltrato\/","title":{"rendered":"Baradero: APAND suma otra denuncia por golpes y maltrato"},"content":{"rendered":"<p><!-- VideographyWP Plugin Message: Automatic video embedding prevented by plugin options. --><br \/>\nLa Asociaci\u00f3n de Profesionales en Lucha patrocinan a Zulma Ram\u00f3n, la madre del joven Elvio quien sufri\u00f3 graves lesiones dentro de la instituci\u00f3n. Tambi\u00e9n denunciaron abandono de persona. Investiga la UFI N\u00b0 8 de Baradero.<br \/>\nEn 2006 la Asociaci\u00f3n Pro Ayuda al Ni\u00f1o Discapacitado, conocida como APAND, \u201crecibi\u00f3 el t\u00edtulo\u201d de los Tutores del Miedo por parte del diario P\u00e1gina\/12 y estall\u00f3 un gran esc\u00e1ndalo a nivel nacional respecto del trato que reciben los internos. Las denuncias que pesaban sobre la instituci\u00f3n, en aquel momento eran la muerte de un joven autista que falleci\u00f3 en 2005 porque se quem\u00f3 con agua caliente mientras se ba\u00f1aba, golpes con mangueras y maltrato a los internos, e incluso la Subsecretar\u00eda de Minoridad bonaerense detect\u00f3 que hubo sobredosis de f\u00e1rmacos a los adolescentes, y tambi\u00e9n resaltaron el faltante de legajos o historias cl\u00ednicas.<br \/>\nTranscurridos 10 a\u00f1os otra vez recae una denuncia en APAND por mal trato, golpes y lesiones a uno de los j\u00f3venes que est\u00e1 alojado en la instituci\u00f3n.<br \/>\nCon el patrocinio jur\u00eddico de APeL (Asociaci\u00f3n de Profesionales en Lucha) Zulma Ram\u00f3n, la mam\u00e1 de Elvio, se present\u00f3 en la fiscal\u00eda N\u00b0 8 de Baradero a cargo del Dr. Hern\u00e1n Granda, para constituirse como particular damnificado en la causa donde se investigan las graves lesiones y el abandono de persona al que fue sometido Elvio, en APAND.<br \/>\nDesde APeL recordaron que \u201cA.P.A.N.D. es una instituci\u00f3n que funciona en la ciudad de Baradero, provincia de Buenos Aires, que lleg\u00f3 a alojar a m\u00e1s de 200 menores con discapacidades psiqui\u00e1tricas, derivados por el Consejo Nacional del Ni\u00f1o Adolescente y Familia (CONNAF), el Servicio Nacional de Rehabilitaci\u00f3n del discapacitado, IOMA y la provincia de Buenos Aires\u201d.<br \/>\nLa Asociaci\u00f3n difundi\u00f3 un comunicado en el que relataron: \u201cElvio es un joven de 30 a\u00f1os, con un retraso mental severo que se encontraba asilado en APAND, lugar donde habr\u00eda sido v\u00edctima de malos tratos y desatenci\u00f3n m\u00e9dica que puso en peligro su vida.  El caso tom\u00f3 conocimiento p\u00fablico cuando un vecino de la localidad public\u00f3 fotos en su Facebook donde se pod\u00eda constatar las m\u00faltiples lesiones que ten\u00eda en su cuerpo, en especial en sus piernas. Al d\u00eda de hoy, Elvio permanece internado en la ciudad de Buenos Aires, aguardando su nuevo hogar, que le debe asignar IOMA.<br \/>\nNo es la primera vez que esta instituci\u00f3n trasciende por denuncias judiciales o medi\u00e1ticas de pacientes, familiares y ex trabajadores por malos tratos, dosis excesivas de f\u00e1rmacos, abandono, violaciones y muertes. Entre los casos m\u00e1s resonantes se recuerda la muerte de internos que fueron atropellados por el tren o el joven autista que muri\u00f3 quemado por el agua caliente de la ducha \u201cen un descuido\u201d de la operadora que lo estaba ba\u00f1ando.<br \/>\nEx trabajadores tambi\u00e9n denunciaron que la jornada laboral era de 12 horas diarias, en negro. Muchos otros han denunciado irregularidades en los pagos y condiciones de trabajo. Reivindicamos la gran labor que con gran vocaci\u00f3n muchos de los profesionales, docentes y operadores de la instituci\u00f3n realizan. Tambi\u00e9n advertimos que en los periodos en que avanz\u00f3 la precarizaci\u00f3n laboral, necesariamente se degrad\u00f3 el cuidado sobre los internos.<br \/>\nEl caso de Elvio es solo un bot\u00f3n de muestra de c\u00f3mo el estado terceriza el sistema de salud, y se desentiende de realizar los debidos controles sobre este tipo de instituciones. Es preciso recordar que esta empresa que hizo sus buenas migas con el ex intendente Aldo Carossi (FPV), tuvo por entonces como abogada a la actual intendenta de nuestra ciudad, Fernanda Antonijevic (Cambiemos). Es decir que existe un r\u00e9gimen de encubrimiento que abarca a todos los partidos patronales.<br \/>\nLa presentaci\u00f3n tiene por objetivo darle un nuevo impulso a la causa y que comiencen a realizarse medidas de pruebas que den cuenta de lo padecido por Elvio, que al d\u00eda de hoy, a m\u00e1s de 2 meses de radicada la denuncia no fue revisado por el cuerpo m\u00e9dico para constatar las lesiones\u201d.<br \/>\nPor \u00faltimo pidieron \u201cpor el juicio y castigo de todos los responsables materiales y pol\u00edticos de las lesiones de Elvio y por la protecci\u00f3n integral de todos los internos de APAND llamamos a todos lo baraderenses a una gran campa\u00f1a de difusi\u00f3n y movilizaci\u00f3n en defensa de los derechos a la salud de los internos y por todos los plenos derechos laborales de los trabajadores de APAND.<\/p>\n","protected":false},"excerpt":{"rendered":"<p>La Asociaci\u00f3n de Profesionales en Lucha patrocinan a Zulma Ram\u00f3n, la madre del joven Elvio quien sufri\u00f3 graves lesiones dentro de la instituci\u00f3n. Tambi\u00e9n denunciaron abandono de persona. Investiga la UFI N\u00b0 8 de Baradero. En 2006 la Asociaci\u00f3n Pro Ayuda al Ni\u00f1o Discapacitado, conocida como APAND, \u201crecibi\u00f3 el t\u00edtulo\u201d de los Tutores del Miedo [&hellip;]<\/p>\n","protected":false},"author":4,"featured_media":6228,"comment_status":"open","ping_status":"closed","sticky":false,"template":"","format":"standard","meta":{"om_disable_all_campaigns":false,"_jetpack_memberships_contains_paid_content":false,"footnotes":""},"categories":[101,2],"tags":[],"class_list":["post-6227","post","type-post","status-publish","format-standard","has-post-thumbnail","hentry","category-interes-general-locales","category-locales"],"aioseo_notices":[],"gutentor_comment":2,"jetpack_featured_media_url":"https:\/\/eldiariodesanpedro.com.ar\/sitio\/wp-content\/uploads\/2016\/07\/PAGINA-6-6.jpg","jetpack_shortlink":"https:\/\/wp.me\/p6RhLt-1Cr","jetpack_sharing_enabled":true,"_links":{"self":[{"href":"https:\/\/eldiariodesanpedro.com.ar\/sitio\/wp-json\/wp\/v2\/posts\/6227","targetHints":{"allow":["GET"]}}],"collection":[{"href":"https:\/\/eldiariodesanpedro.com.ar\/sitio\/wp-json\/wp\/v2\/posts"}],"about":[{"href":"https:\/\/eldiariodesanpedro.com.ar\/sitio\/wp-json\/wp\/v2\/types\/post"}],"author":[{"embeddable":true,"href":"https:\/\/eldiariodesanpedro.com.ar\/sitio\/wp-json\/wp\/v2\/users\/4"}],"replies":[{"embeddable":true,"href":"https:\/\/eldiariodesanpedro.com.ar\/sitio\/wp-json\/wp\/v2\/comments?post=6227"}],"version-history":[{"count":1,"href":"https:\/\/eldiariodesanpedro.com.ar\/sitio\/wp-json\/wp\/v2\/posts\/6227\/revisions"}],"predecessor-version":[{"id":6229,"href":"https:\/\/eldiariodesanpedro.com.ar\/sitio\/wp-json\/wp\/v2\/posts\/6227\/revisions\/6229"}],"wp:featuredmedia":[{"embeddable":true,"href":"https:\/\/eldiariodesanpedro.com.ar\/sitio\/wp-json\/wp\/v2\/media\/6228"}],"wp:attachment":[{"href":"https:\/\/eldiariodesanpedro.com.ar\/sitio\/wp-json\/wp\/v2\/media?parent=6227"}],"wp:term":[{"taxonomy":"category","embeddable":true,"href":"https:\/\/eldiariodesanpedro.com.ar\/sitio\/wp-json\/wp\/v2\/categories?post=6227"},{"taxonomy":"post_tag","embeddable":true,"href":"https:\/\/eldiariodesanpedro.com.ar\/sitio\/wp-json\/wp\/v2\/tags?post=6227"}],"curies":[{"name":"wp","href":"https:\/\/api.w.org\/{rel}","templated":true}]}}