{"id":6224,"date":"2016-07-20T20:18:25","date_gmt":"2016-07-20T23:18:25","guid":{"rendered":"https:\/\/eldiariodesanpedro.com.ar\/sitio\/?p=6224"},"modified":"2016-07-20T20:18:25","modified_gmt":"2016-07-20T23:18:25","slug":"un-dirigente-de-uocra-golpeo-a-otro-de-sitraic","status":"publish","type":"post","link":"https:\/\/eldiariodesanpedro.com.ar\/sitio\/un-dirigente-de-uocra-golpeo-a-otro-de-sitraic\/","title":{"rendered":"Un dirigente de UOCRA golpe\u00f3 a otro de SITRAIC"},"content":{"rendered":"<p><!-- VideographyWP Plugin Message: Automatic video embedding prevented by plugin options. --><br \/>\nEl hecho se produjo en horas del mediod\u00eda de ayer cuando una persona identificada con la UOCRA agredi\u00f3 a otra del SITRAIC. En la construcci\u00f3n, es \u00faltimo gremio realiz\u00f3 una asamblea con sus afiliados y paralelamente, lleg\u00f3 al lugar Horacio Azzoni junto a otros delegados de UOCRA pretendiendo ingresar al lugar. Se convoc\u00f3 a la polic\u00eda para que no se produjera ninguna escaramuza entre las partes, sin embargo fue imposible, un dirigente golpe\u00f3 a otro del gremio que conduce Jes\u00fas Gonz\u00e1lez. Lo que gener\u00f3 forcejeos con la polic\u00eda que finalmente aprehendi\u00f3 al agresor.<br \/>\n\u201cLa patota de la UOCRA\u201d, \u201cNacho Gracia le peg\u00f3 a mi hermano\u201d, dijo Jes\u00fas Gonz\u00e1lez titular del gremio que recibi\u00f3 la agresi\u00f3n.<br \/>\n\u201cVenimos a hacer democracia sindical\u201d, manifest\u00f3 seguidamente. \u201cVinimos a hacer asamblea presentamos la documentaci\u00f3n que corresponde en el Ministerio de Trabajo\u201d. \u201cLlamamos a la polic\u00eda y nos encontramos con esto ac\u00e1 afuera, la patota de la UOCRA no cambia mas\u201d.<br \/>\nEn tanto explic\u00f3: \u201cTenemos 26 trabajadores que estamos representando\u201d.<\/p>\n<p> \u201cLlegar al punto de la violencia no est\u00e1 bueno\u201d<\/p>\n<p>\u201cNosotros recibimos las comunicaciones a trav\u00e9s de telegramas, de cambios de afiliaciones al SITRAIC y yo no pudo cortar la libertad sindical, tengo que dejarlos hacer su asamblea y es lo que se hizo\u201d, explic\u00f3 la apoderada del Hotel Azahares, Adriana Bosco, acerca de lo ocurrido cerca del mediod\u00eda entre los gremios.<br \/>\n\u201cSe enteraron vinieron los de la UOCRA y ya est\u00e1 hablado, yo no puedo decirles que se hagan de un sindicato o del otro, no es mi tarea pero la violencia se arm\u00f3 igual\u201d, asegur\u00f3.<br \/>\nAl tiempo que se\u00f1al\u00f3: \u201cYo no tiro para un lado ni para el otro\u201d. \u201cLlegar al punto de la violencia no est\u00e1 bueno, hay que empezar a convivir diferente\u201d.<\/p>\n","protected":false},"excerpt":{"rendered":"<p>El hecho se produjo en horas del mediod\u00eda de ayer cuando una persona identificada con la UOCRA agredi\u00f3 a otra del SITRAIC. En la construcci\u00f3n, es \u00faltimo gremio realiz\u00f3 una asamblea con sus afiliados y paralelamente, lleg\u00f3 al lugar Horacio Azzoni junto a otros delegados de UOCRA pretendiendo ingresar al lugar. Se convoc\u00f3 a la [&hellip;]<\/p>\n","protected":false},"author":4,"featured_media":6225,"comment_status":"open","ping_status":"closed","sticky":false,"template":"","format":"standard","meta":{"om_disable_all_campaigns":false,"_jetpack_memberships_contains_paid_content":false,"footnotes":""},"categories":[50,2,102],"tags":[],"class_list":["post-6224","post","type-post","status-publish","format-standard","has-post-thumbnail","hentry","category-destacadas","category-locales","category-politica-locales"],"aioseo_notices":[],"gutentor_comment":0,"jetpack_featured_media_url":"https:\/\/eldiariodesanpedro.com.ar\/sitio\/wp-content\/uploads\/2016\/07\/PAGINA-3-8.jpg","jetpack_shortlink":"https:\/\/wp.me\/p6RhLt-1Co","jetpack_sharing_enabled":true,"_links":{"self":[{"href":"https:\/\/eldiariodesanpedro.com.ar\/sitio\/wp-json\/wp\/v2\/posts\/6224","targetHints":{"allow":["GET"]}}],"collection":[{"href":"https:\/\/eldiariodesanpedro.com.ar\/sitio\/wp-json\/wp\/v2\/posts"}],"about":[{"href":"https:\/\/eldiariodesanpedro.com.ar\/sitio\/wp-json\/wp\/v2\/types\/post"}],"author":[{"embeddable":true,"href":"https:\/\/eldiariodesanpedro.com.ar\/sitio\/wp-json\/wp\/v2\/users\/4"}],"replies":[{"embeddable":true,"href":"https:\/\/eldiariodesanpedro.com.ar\/sitio\/wp-json\/wp\/v2\/comments?post=6224"}],"version-history":[{"count":1,"href":"https:\/\/eldiariodesanpedro.com.ar\/sitio\/wp-json\/wp\/v2\/posts\/6224\/revisions"}],"predecessor-version":[{"id":6226,"href":"https:\/\/eldiariodesanpedro.com.ar\/sitio\/wp-json\/wp\/v2\/posts\/6224\/revisions\/6226"}],"wp:featuredmedia":[{"embeddable":true,"href":"https:\/\/eldiariodesanpedro.com.ar\/sitio\/wp-json\/wp\/v2\/media\/6225"}],"wp:attachment":[{"href":"https:\/\/eldiariodesanpedro.com.ar\/sitio\/wp-json\/wp\/v2\/media?parent=6224"}],"wp:term":[{"taxonomy":"category","embeddable":true,"href":"https:\/\/eldiariodesanpedro.com.ar\/sitio\/wp-json\/wp\/v2\/categories?post=6224"},{"taxonomy":"post_tag","embeddable":true,"href":"https:\/\/eldiariodesanpedro.com.ar\/sitio\/wp-json\/wp\/v2\/tags?post=6224"}],"curies":[{"name":"wp","href":"https:\/\/api.w.org\/{rel}","templated":true}]}}