{"id":6221,"date":"2016-07-20T20:17:11","date_gmt":"2016-07-20T23:17:11","guid":{"rendered":"https:\/\/eldiariodesanpedro.com.ar\/sitio\/?p=6221"},"modified":"2016-07-20T20:17:11","modified_gmt":"2016-07-20T23:17:11","slug":"banda-xxi-formara-parte-de-los-festejos-de-san-pedro-ciudad","status":"publish","type":"post","link":"https:\/\/eldiariodesanpedro.com.ar\/sitio\/banda-xxi-formara-parte-de-los-festejos-de-san-pedro-ciudad\/","title":{"rendered":"\u00abBanda XXI\u00bb formar\u00e1 parte de los festejos de \u201cSan Pedro ciudad\u201d"},"content":{"rendered":"<p><!-- VideographyWP Plugin Message: Automatic video embedding prevented by plugin options. --><br \/>\nEl pr\u00f3ximo 25 de Julio la ciudad cumplir\u00e1 el aniversario 109. Para ello desde el municipio se est\u00e1 planificando una serie de actividades que tendr\u00e1n como n\u00famero sobresaliente la actuaci\u00f3n del reconocido conjunto musical. El arrib\u00f3 del mismo viene a partir de gestiones realizadas en el gobierno de la provincia.<br \/>\nSeg\u00fan se pudo establecer, se montar\u00e1 un escenario  en la intersecci\u00f3n de las calles Pellegrini y Boulevard Paran\u00e1 y a partir de las 16.30 horas comenzar\u00e1n a desarrollarse n\u00fameros musicales, gracias al aporte de la provincia tocar\u00e1n \u00abMiguel y la Urband\u00bb y \u201cBanda XXI\u201d tal cual adelant\u00e1bamos.<br \/>\nCabe destacar que Banda XXI es un grupo de cuarteto formado en R\u00edo Cuarto, C\u00f3rdoba, Argentina en 1998. El estilo de la banda se encuadra dentro del g\u00e9nero conocido como cuarteto y en el subg\u00e9nero de cuarteto fusionado con el merengue.<\/p>\n","protected":false},"excerpt":{"rendered":"<p>El pr\u00f3ximo 25 de Julio la ciudad cumplir\u00e1 el aniversario 109. Para ello desde el municipio se est\u00e1 planificando una serie de actividades que tendr\u00e1n como n\u00famero sobresaliente la actuaci\u00f3n del reconocido conjunto musical. El arrib\u00f3 del mismo viene a partir de gestiones realizadas en el gobierno de la provincia. Seg\u00fan se pudo establecer, se [&hellip;]<\/p>\n","protected":false},"author":4,"featured_media":6222,"comment_status":"open","ping_status":"closed","sticky":false,"template":"","format":"standard","meta":{"om_disable_all_campaigns":false,"_jetpack_memberships_contains_paid_content":false,"footnotes":""},"categories":[101,2],"tags":[],"class_list":["post-6221","post","type-post","status-publish","format-standard","has-post-thumbnail","hentry","category-interes-general-locales","category-locales"],"aioseo_notices":[],"gutentor_comment":0,"jetpack_featured_media_url":"https:\/\/eldiariodesanpedro.com.ar\/sitio\/wp-content\/uploads\/2016\/07\/banda-21.jpg","jetpack_shortlink":"https:\/\/wp.me\/p6RhLt-1Cl","jetpack_sharing_enabled":true,"_links":{"self":[{"href":"https:\/\/eldiariodesanpedro.com.ar\/sitio\/wp-json\/wp\/v2\/posts\/6221","targetHints":{"allow":["GET"]}}],"collection":[{"href":"https:\/\/eldiariodesanpedro.com.ar\/sitio\/wp-json\/wp\/v2\/posts"}],"about":[{"href":"https:\/\/eldiariodesanpedro.com.ar\/sitio\/wp-json\/wp\/v2\/types\/post"}],"author":[{"embeddable":true,"href":"https:\/\/eldiariodesanpedro.com.ar\/sitio\/wp-json\/wp\/v2\/users\/4"}],"replies":[{"embeddable":true,"href":"https:\/\/eldiariodesanpedro.com.ar\/sitio\/wp-json\/wp\/v2\/comments?post=6221"}],"version-history":[{"count":1,"href":"https:\/\/eldiariodesanpedro.com.ar\/sitio\/wp-json\/wp\/v2\/posts\/6221\/revisions"}],"predecessor-version":[{"id":6223,"href":"https:\/\/eldiariodesanpedro.com.ar\/sitio\/wp-json\/wp\/v2\/posts\/6221\/revisions\/6223"}],"wp:featuredmedia":[{"embeddable":true,"href":"https:\/\/eldiariodesanpedro.com.ar\/sitio\/wp-json\/wp\/v2\/media\/6222"}],"wp:attachment":[{"href":"https:\/\/eldiariodesanpedro.com.ar\/sitio\/wp-json\/wp\/v2\/media?parent=6221"}],"wp:term":[{"taxonomy":"category","embeddable":true,"href":"https:\/\/eldiariodesanpedro.com.ar\/sitio\/wp-json\/wp\/v2\/categories?post=6221"},{"taxonomy":"post_tag","embeddable":true,"href":"https:\/\/eldiariodesanpedro.com.ar\/sitio\/wp-json\/wp\/v2\/tags?post=6221"}],"curies":[{"name":"wp","href":"https:\/\/api.w.org\/{rel}","templated":true}]}}