{"id":6219,"date":"2016-07-20T20:15:39","date_gmt":"2016-07-20T23:15:39","guid":{"rendered":"https:\/\/eldiariodesanpedro.com.ar\/sitio\/?p=6219"},"modified":"2016-07-20T20:15:39","modified_gmt":"2016-07-20T23:15:39","slug":"encuentran-a-una-mujer-deambulando-por-la-ruta-9","status":"publish","type":"post","link":"https:\/\/eldiariodesanpedro.com.ar\/sitio\/encuentran-a-una-mujer-deambulando-por-la-ruta-9\/","title":{"rendered":"Encuentran a una mujer deambulando por la ruta 9"},"content":{"rendered":"<p><!-- VideographyWP Plugin Message: Automatic video embedding prevented by plugin options. --><br \/>\nOcurri\u00f3 el lunes, en horas de la tarde. Personal policial fue alertado que en ruta 9, km 151, carril Rosario-Buenos Aires, se hallaba una mujer deambulando a la vera de la ruta.<br \/>\nConstituido personal de la polic\u00eda comunal en el lugar, se procedi\u00f3 al traslado de la mujer de 35 a\u00f1os a la Comisar\u00eda de la Mujer y la Familia de Baradero.<br \/>\nEn el edificio p\u00fablico, la mujer fue evaluada por un profesional que determin\u00f3 que presentaba un discurso delirante, estando desorientada en tiempo y espacio.<br \/>\nActualmente, se encuentra al cuidado de miembros de la Iglesia Evang\u00e9lica Impacto de Fe de esa ciudad.<\/p>\n","protected":false},"excerpt":{"rendered":"<p>Ocurri\u00f3 el lunes, en horas de la tarde. Personal policial fue alertado que en ruta 9, km 151, carril Rosario-Buenos Aires, se hallaba una mujer deambulando a la vera de la ruta. Constituido personal de la polic\u00eda comunal en el lugar, se procedi\u00f3 al traslado de la mujer de 35 a\u00f1os a la Comisar\u00eda de [&hellip;]<\/p>\n","protected":false},"author":4,"featured_media":5420,"comment_status":"open","ping_status":"closed","sticky":false,"template":"","format":"standard","meta":{"om_disable_all_campaigns":false,"_jetpack_memberships_contains_paid_content":false,"footnotes":""},"categories":[2,103],"tags":[],"class_list":["post-6219","post","type-post","status-publish","format-standard","has-post-thumbnail","hentry","category-locales","category-policiales-locales"],"aioseo_notices":[],"gutentor_comment":0,"jetpack_featured_media_url":"https:\/\/eldiariodesanpedro.com.ar\/sitio\/wp-content\/uploads\/2016\/06\/ruta-9-e1496934815830.jpg","jetpack_shortlink":"https:\/\/wp.me\/p6RhLt-1Cj","jetpack_sharing_enabled":true,"_links":{"self":[{"href":"https:\/\/eldiariodesanpedro.com.ar\/sitio\/wp-json\/wp\/v2\/posts\/6219","targetHints":{"allow":["GET"]}}],"collection":[{"href":"https:\/\/eldiariodesanpedro.com.ar\/sitio\/wp-json\/wp\/v2\/posts"}],"about":[{"href":"https:\/\/eldiariodesanpedro.com.ar\/sitio\/wp-json\/wp\/v2\/types\/post"}],"author":[{"embeddable":true,"href":"https:\/\/eldiariodesanpedro.com.ar\/sitio\/wp-json\/wp\/v2\/users\/4"}],"replies":[{"embeddable":true,"href":"https:\/\/eldiariodesanpedro.com.ar\/sitio\/wp-json\/wp\/v2\/comments?post=6219"}],"version-history":[{"count":1,"href":"https:\/\/eldiariodesanpedro.com.ar\/sitio\/wp-json\/wp\/v2\/posts\/6219\/revisions"}],"predecessor-version":[{"id":6220,"href":"https:\/\/eldiariodesanpedro.com.ar\/sitio\/wp-json\/wp\/v2\/posts\/6219\/revisions\/6220"}],"wp:featuredmedia":[{"embeddable":true,"href":"https:\/\/eldiariodesanpedro.com.ar\/sitio\/wp-json\/wp\/v2\/media\/5420"}],"wp:attachment":[{"href":"https:\/\/eldiariodesanpedro.com.ar\/sitio\/wp-json\/wp\/v2\/media?parent=6219"}],"wp:term":[{"taxonomy":"category","embeddable":true,"href":"https:\/\/eldiariodesanpedro.com.ar\/sitio\/wp-json\/wp\/v2\/categories?post=6219"},{"taxonomy":"post_tag","embeddable":true,"href":"https:\/\/eldiariodesanpedro.com.ar\/sitio\/wp-json\/wp\/v2\/tags?post=6219"}],"curies":[{"name":"wp","href":"https:\/\/api.w.org\/{rel}","templated":true}]}}