{"id":62187,"date":"2019-10-18T10:13:59","date_gmt":"2019-10-18T13:13:59","guid":{"rendered":"https:\/\/eldiariodesanpedro.com.ar\/sitio\/?p=62187"},"modified":"2019-10-18T10:14:03","modified_gmt":"2019-10-18T13:14:03","slug":"san-andres-de-giles-fiesta-del-hornero-ya-salio-el-cronograma-oficial","status":"publish","type":"post","link":"https:\/\/eldiariodesanpedro.com.ar\/sitio\/san-andres-de-giles-fiesta-del-hornero-ya-salio-el-cronograma-oficial\/","title":{"rendered":"SAN ANDR\u00c9S DE GILES | Fiesta del Hornero: Ya sali\u00f3 el cronograma oficial"},"content":{"rendered":"<!-- VideographyWP Plugin Message: Automatic video embedding prevented by plugin options. -->\n\n<p> El 3 de noviembre, San Andr\u00e9s de Giles ser\u00e1 sede de una de las celebraciones m\u00e1s pintorescas de nuestro calendario: La Fiesta del Hornero. En la localidad de Cucull\u00fa se rendir\u00e1 homenaje al trabajador ladrillero, la principal actividad productiva del pueblo.<br>Este a\u00f1o, la comisi\u00f3n organizadora tom\u00f3 una valiente decisi\u00f3n: trasladar el evento a la Estaci\u00f3n del Ferrocaril. La misma no se encuentra bajo el resguardo del Estado local\u00a0-como la mayor\u00eda de las que integran el partido-\u00a0y es por eso que no tuvieron m\u00e1s remedio que iniciar un trabajo de reconstrucci\u00f3n.<br>Los organizadores, con el aval de quienes hoy la ocupan, y el apoyo de vecinos e instituciones, comenzaron un formidable trabajo de limpieza y recuperaci\u00f3n. Al predio, que cuenta con una llamativa belleza natural, solo le faltan detalles para albergar la concurrida celebraci\u00f3n.<\/p>\n\n\n\n<p>El cronograma<br>Hoy la popular fiesta lanz\u00f3 oficialmente la grilla de eventos para el domingo 3. Habr\u00e1 feria de artesanos y productores; juegos de \u00e9poca, exposici\u00f3n de fotograf\u00edas y patio de comidas, con la \u201cchancha asada\u201d como figura central.<br>Una de las principales atracciones ser\u00e1, sin dudas, la realizaci\u00f3n del concurso de corte de ladrillos. En la misma fiesta se armar\u00e1 una \u201ccancha\u201d para que los profesionales compitan entre s\u00ed, a su vez habr\u00e1 una categor\u00eda para el p\u00fablico general.<br>De esta manera los visitantes no solo podr\u00e1n ver c\u00f3mo es la producci\u00f3n, sino que tambi\u00e9n ser\u00e1n parte de la misma. Una hermosa oportunidad para aprender algo m\u00e1s sobre nuestra cultura y claro, tomar fotos del incre\u00edble proceso.En el escenario ser\u00e1n varios los artistas que desfilar\u00e1n: la Orquesta Municipal, el Taller de Danza de Pueblos Rurales, Cia. Municipal de Folklore \u201cCamino Real\u201d, Javier Benitez, En tres cuerdas, Vicky Morales, Edgardo L\u00f3pez, Eduardo Ledesma y \u201cLos Cambai\u201d, y \u201cLos Nuevos Cantores del Alba\u201d. La entrada al evento es libre y gratuita.<\/p>\n","protected":false},"excerpt":{"rendered":"<p>El 3 de noviembre, San Andr\u00e9s de Giles ser\u00e1 sede de una de las celebraciones m\u00e1s pintorescas de nuestro calendario: La Fiesta del Hornero. En la localidad de Cucull\u00fa se rendir\u00e1 homenaje al trabajador ladrillero, la principal actividad productiva del pueblo.Este a\u00f1o, la comisi\u00f3n organizadora tom\u00f3 una valiente decisi\u00f3n: trasladar el evento a la Estaci\u00f3n [&hellip;]<\/p>\n","protected":false},"author":4,"featured_media":62188,"comment_status":"open","ping_status":"closed","sticky":false,"template":"","format":"standard","meta":{"om_disable_all_campaigns":false,"_jetpack_memberships_contains_paid_content":false,"footnotes":""},"categories":[621],"tags":[],"class_list":["post-62187","post","type-post","status-publish","format-standard","has-post-thumbnail","hentry","category-regionales"],"aioseo_notices":[],"gutentor_comment":0,"jetpack_featured_media_url":"https:\/\/eldiariodesanpedro.com.ar\/sitio\/wp-content\/uploads\/2019\/10\/hornocucullu-696x464.jpg","jetpack_shortlink":"https:\/\/wp.me\/p6RhLt-gb1","jetpack_sharing_enabled":true,"_links":{"self":[{"href":"https:\/\/eldiariodesanpedro.com.ar\/sitio\/wp-json\/wp\/v2\/posts\/62187","targetHints":{"allow":["GET"]}}],"collection":[{"href":"https:\/\/eldiariodesanpedro.com.ar\/sitio\/wp-json\/wp\/v2\/posts"}],"about":[{"href":"https:\/\/eldiariodesanpedro.com.ar\/sitio\/wp-json\/wp\/v2\/types\/post"}],"author":[{"embeddable":true,"href":"https:\/\/eldiariodesanpedro.com.ar\/sitio\/wp-json\/wp\/v2\/users\/4"}],"replies":[{"embeddable":true,"href":"https:\/\/eldiariodesanpedro.com.ar\/sitio\/wp-json\/wp\/v2\/comments?post=62187"}],"version-history":[{"count":1,"href":"https:\/\/eldiariodesanpedro.com.ar\/sitio\/wp-json\/wp\/v2\/posts\/62187\/revisions"}],"predecessor-version":[{"id":62189,"href":"https:\/\/eldiariodesanpedro.com.ar\/sitio\/wp-json\/wp\/v2\/posts\/62187\/revisions\/62189"}],"wp:featuredmedia":[{"embeddable":true,"href":"https:\/\/eldiariodesanpedro.com.ar\/sitio\/wp-json\/wp\/v2\/media\/62188"}],"wp:attachment":[{"href":"https:\/\/eldiariodesanpedro.com.ar\/sitio\/wp-json\/wp\/v2\/media?parent=62187"}],"wp:term":[{"taxonomy":"category","embeddable":true,"href":"https:\/\/eldiariodesanpedro.com.ar\/sitio\/wp-json\/wp\/v2\/categories?post=62187"},{"taxonomy":"post_tag","embeddable":true,"href":"https:\/\/eldiariodesanpedro.com.ar\/sitio\/wp-json\/wp\/v2\/tags?post=62187"}],"curies":[{"name":"wp","href":"https:\/\/api.w.org\/{rel}","templated":true}]}}