{"id":62184,"date":"2019-10-18T10:11:49","date_gmt":"2019-10-18T13:11:49","guid":{"rendered":"https:\/\/eldiariodesanpedro.com.ar\/sitio\/?p=62184"},"modified":"2019-10-18T10:11:53","modified_gmt":"2019-10-18T13:11:53","slug":"san-andres-de-giles-abuelo-de-72-anos-imputado-por-amenazas-y-tenencia-de-arma-de-guerra","status":"publish","type":"post","link":"https:\/\/eldiariodesanpedro.com.ar\/sitio\/san-andres-de-giles-abuelo-de-72-anos-imputado-por-amenazas-y-tenencia-de-arma-de-guerra\/","title":{"rendered":"SAN ANDR\u00c9S DE GILES | Abuelo de 72 a\u00f1os imputado por amenazas y tenencia de arma de guerra"},"content":{"rendered":"<!-- VideographyWP Plugin Message: Automatic video embedding prevented by plugin options. -->\n\n<p> La tarde gris gilense tuvo actividad policial. Bajo la lluvia, los efectivos locales intercedieron hoy en un conflicto conyugal que podr\u00eda haber pasado a mayores. Sus violentas caracter\u00edsticas oblig\u00f3 el r\u00e1pido accionar de la Ayudant\u00eda local, la Fiscal\u00eda de Mercedes, el Juzgado de Paz y la fuerza de seguridad.<br>El conflicto comenz\u00f3 cuando dos vecinos terminaron con una relaci\u00f3n sentimental. Ella, una vecina de 35 a\u00f1os, le puso punto final al romance que manten\u00eda con \u00e9l, un sujeto de 72 a\u00f1os que se domicilia en el Acceso Soldado Maciel y 102 (Barrio del Parque).<br>Ante esta ruptura, el vecino reaccion\u00f3 violentamente. Resign\u00e1ndose a la idea de terminar el amor\u00edo, amenaz\u00f3 con una escopeta calibre 16 a la mujer. Esta realiz\u00f3 la denuncia en Comisar\u00eda y fue la fuerza bonaerense la que ejecut\u00f3 un r\u00e1pido operativo.<\/p>\n\n\n\n<p>La escopeta.<br>En el domicilio del adulto mayor, la Polic\u00eda encontr\u00f3 una escopeta y municiones en buen estado de conservaci\u00f3n pero sin documentaci\u00f3n. Seg\u00fan relat\u00f3 la v\u00edctima, con esa arma la amenaz\u00f3 por \u00faltima vez. Este es un claro nuevo caso de violencia de g\u00e9nero en la comunidad.<br>Ante esta situaci\u00f3n, el vecino fue imputado por amenazas y tenencia de arma de guerra. A su vez, se le coloc\u00f3 una perimetral para que no tenga contacto con su ex pareja. En la causa interviene la UFI N\u00b0 4 de Mercedes.\u00a0El r\u00e1pido accionar de las fuerzas de seguridad impidi\u00f3 un desenlace que podr\u00eda haber sido fatal.<\/p>\n","protected":false},"excerpt":{"rendered":"<p>La tarde gris gilense tuvo actividad policial. Bajo la lluvia, los efectivos locales intercedieron hoy en un conflicto conyugal que podr\u00eda haber pasado a mayores. Sus violentas caracter\u00edsticas oblig\u00f3 el r\u00e1pido accionar de la Ayudant\u00eda local, la Fiscal\u00eda de Mercedes, el Juzgado de Paz y la fuerza de seguridad.El conflicto comenz\u00f3 cuando dos vecinos terminaron [&hellip;]<\/p>\n","protected":false},"author":4,"featured_media":62185,"comment_status":"open","ping_status":"closed","sticky":false,"template":"","format":"standard","meta":{"om_disable_all_campaigns":false,"_jetpack_memberships_contains_paid_content":false,"footnotes":""},"categories":[621],"tags":[],"class_list":["post-62184","post","type-post","status-publish","format-standard","has-post-thumbnail","hentry","category-regionales"],"aioseo_notices":[],"gutentor_comment":0,"jetpack_featured_media_url":"https:\/\/eldiariodesanpedro.com.ar\/sitio\/wp-content\/uploads\/2019\/10\/img-20191015-wa0074-e1571170670931-696x438.jpg","jetpack_shortlink":"https:\/\/wp.me\/p6RhLt-gaY","jetpack_sharing_enabled":true,"_links":{"self":[{"href":"https:\/\/eldiariodesanpedro.com.ar\/sitio\/wp-json\/wp\/v2\/posts\/62184","targetHints":{"allow":["GET"]}}],"collection":[{"href":"https:\/\/eldiariodesanpedro.com.ar\/sitio\/wp-json\/wp\/v2\/posts"}],"about":[{"href":"https:\/\/eldiariodesanpedro.com.ar\/sitio\/wp-json\/wp\/v2\/types\/post"}],"author":[{"embeddable":true,"href":"https:\/\/eldiariodesanpedro.com.ar\/sitio\/wp-json\/wp\/v2\/users\/4"}],"replies":[{"embeddable":true,"href":"https:\/\/eldiariodesanpedro.com.ar\/sitio\/wp-json\/wp\/v2\/comments?post=62184"}],"version-history":[{"count":1,"href":"https:\/\/eldiariodesanpedro.com.ar\/sitio\/wp-json\/wp\/v2\/posts\/62184\/revisions"}],"predecessor-version":[{"id":62186,"href":"https:\/\/eldiariodesanpedro.com.ar\/sitio\/wp-json\/wp\/v2\/posts\/62184\/revisions\/62186"}],"wp:featuredmedia":[{"embeddable":true,"href":"https:\/\/eldiariodesanpedro.com.ar\/sitio\/wp-json\/wp\/v2\/media\/62185"}],"wp:attachment":[{"href":"https:\/\/eldiariodesanpedro.com.ar\/sitio\/wp-json\/wp\/v2\/media?parent=62184"}],"wp:term":[{"taxonomy":"category","embeddable":true,"href":"https:\/\/eldiariodesanpedro.com.ar\/sitio\/wp-json\/wp\/v2\/categories?post=62184"},{"taxonomy":"post_tag","embeddable":true,"href":"https:\/\/eldiariodesanpedro.com.ar\/sitio\/wp-json\/wp\/v2\/tags?post=62184"}],"curies":[{"name":"wp","href":"https:\/\/api.w.org\/{rel}","templated":true}]}}