{"id":62181,"date":"2019-10-18T10:04:57","date_gmt":"2019-10-18T13:04:57","guid":{"rendered":"https:\/\/eldiariodesanpedro.com.ar\/sitio\/?p=62181"},"modified":"2019-10-18T18:01:01","modified_gmt":"2019-10-18T21:01:01","slug":"ruta-191-un-auto-impacto-contra-un-arbol","status":"publish","type":"post","link":"https:\/\/eldiariodesanpedro.com.ar\/sitio\/ruta-191-un-auto-impacto-contra-un-arbol\/","title":{"rendered":"Ruta 191: Un auto impacto contra un \u00e1rbol"},"content":{"rendered":"<!-- VideographyWP Plugin Message: Automatic video embedding prevented by plugin options. -->\n\n<p>El siniestro ocurri\u00f3 esta madrugada, alrededor de las 5 horas, un veh\u00edculo que ingresa a nuestra ciudad, a la altura de Gomila, impacto contra un \u00e1rbol.<\/p>\n\n\n\n<p>Por causas que se intentan establecer el autom\u00f3vil pierde el control, seg\u00fan  el conductor de 37 a\u00f1os de edad, un caballo suelto se habr\u00eda cruzado en la calzada y al intentar esquivarlo impacto contra un \u00e1rbol.<\/p>\n\n\n\n<p>El conductor identificado como Roberto Adrover, fue derivado a la Guardia del Hospital por una ambulancia del SAME con lesiones leves.<\/p>\n\n\n\n<p>Lo acontecido volvi\u00f3 a poner de manifiesto la presencia de los \u00e1rboles a la vera de la ruta donde lamentablemente son incalculables la cantidad de siniestros que se han registrado en todos estos a\u00f1os.&nbsp;<br><\/p>\n","protected":false},"excerpt":{"rendered":"<p>El siniestro ocurri\u00f3 esta madrugada, alrededor de las 5 horas, un veh\u00edculo que ingresa a nuestra ciudad, a la altura de Gomila, impacto contra un \u00e1rbol. Por causas que se intentan establecer el autom\u00f3vil pierde el control, seg\u00fan el conductor de 37 a\u00f1os de edad, un caballo suelto se habr\u00eda cruzado en la calzada y [&hellip;]<\/p>\n","protected":false},"author":4,"featured_media":62182,"comment_status":"open","ping_status":"closed","sticky":false,"template":"","format":"standard","meta":{"om_disable_all_campaigns":false,"_jetpack_memberships_contains_paid_content":false,"footnotes":""},"categories":[2,103],"tags":[],"class_list":["post-62181","post","type-post","status-publish","format-standard","has-post-thumbnail","hentry","category-locales","category-policiales-locales"],"aioseo_notices":[],"gutentor_comment":0,"jetpack_featured_media_url":"https:\/\/eldiariodesanpedro.com.ar\/sitio\/wp-content\/uploads\/2019\/10\/IMG-20191018-WA0005.jpg","jetpack_shortlink":"https:\/\/wp.me\/p6RhLt-gaV","jetpack_sharing_enabled":true,"_links":{"self":[{"href":"https:\/\/eldiariodesanpedro.com.ar\/sitio\/wp-json\/wp\/v2\/posts\/62181","targetHints":{"allow":["GET"]}}],"collection":[{"href":"https:\/\/eldiariodesanpedro.com.ar\/sitio\/wp-json\/wp\/v2\/posts"}],"about":[{"href":"https:\/\/eldiariodesanpedro.com.ar\/sitio\/wp-json\/wp\/v2\/types\/post"}],"author":[{"embeddable":true,"href":"https:\/\/eldiariodesanpedro.com.ar\/sitio\/wp-json\/wp\/v2\/users\/4"}],"replies":[{"embeddable":true,"href":"https:\/\/eldiariodesanpedro.com.ar\/sitio\/wp-json\/wp\/v2\/comments?post=62181"}],"version-history":[{"count":2,"href":"https:\/\/eldiariodesanpedro.com.ar\/sitio\/wp-json\/wp\/v2\/posts\/62181\/revisions"}],"predecessor-version":[{"id":62234,"href":"https:\/\/eldiariodesanpedro.com.ar\/sitio\/wp-json\/wp\/v2\/posts\/62181\/revisions\/62234"}],"wp:featuredmedia":[{"embeddable":true,"href":"https:\/\/eldiariodesanpedro.com.ar\/sitio\/wp-json\/wp\/v2\/media\/62182"}],"wp:attachment":[{"href":"https:\/\/eldiariodesanpedro.com.ar\/sitio\/wp-json\/wp\/v2\/media?parent=62181"}],"wp:term":[{"taxonomy":"category","embeddable":true,"href":"https:\/\/eldiariodesanpedro.com.ar\/sitio\/wp-json\/wp\/v2\/categories?post=62181"},{"taxonomy":"post_tag","embeddable":true,"href":"https:\/\/eldiariodesanpedro.com.ar\/sitio\/wp-json\/wp\/v2\/tags?post=62181"}],"curies":[{"name":"wp","href":"https:\/\/api.w.org\/{rel}","templated":true}]}}