{"id":62179,"date":"2019-10-18T09:42:18","date_gmt":"2019-10-18T12:42:18","guid":{"rendered":"https:\/\/eldiariodesanpedro.com.ar\/sitio\/?p=62179"},"modified":"2019-10-18T09:42:22","modified_gmt":"2019-10-18T12:42:22","slug":"denuncias-por-robo-y-danos","status":"publish","type":"post","link":"https:\/\/eldiariodesanpedro.com.ar\/sitio\/denuncias-por-robo-y-danos\/","title":{"rendered":"Denuncias por robo y da\u00f1os"},"content":{"rendered":"<!-- VideographyWP Plugin Message: Automatic video embedding prevented by plugin options. -->\n\n<p>Los hechos fueron radicados este jueves en la dependencia local, delincuentes violentaron la puerta de un autom\u00f3vil y sustrajeron elementos, por otro lado, da\u00f1aron con disparo de arma de fuego la puerta de una vivienda.<\/p>\n\n\n\n<p>Un masculino de 34 a\u00f1os de edad, \u00a0domiciliado en calle Facundo Quiroga al 900, manifest\u00f3 encontrar  la puerta de su autom\u00f3vil violentada, donde luego constato que delincuentes ignorados le sustraen un est\u00e9reo y rueda de auxilio. <\/p>\n\n\n\n<p>Luego, una femenina de 34, cont\u00f3 haber sufrido un hecho violento cuando sujetos a quien desconoce, disparan con arma de fuego a su vivienda sita en calle Facundo Quiroga, da\u00f1ando puerta de ingreso.<\/p>\n\n\n\n<p>Los hechos se investigan con intervenci\u00f3n de la fiscalia N\u00ba11.<br><\/p>\n","protected":false},"excerpt":{"rendered":"<p>Los hechos fueron radicados este jueves en la dependencia local, delincuentes violentaron la puerta de un autom\u00f3vil y sustrajeron elementos, por otro lado, da\u00f1aron con disparo de arma de fuego la puerta de una vivienda. Un masculino de 34 a\u00f1os de edad, \u00a0domiciliado en calle Facundo Quiroga al 900, manifest\u00f3 encontrar la puerta de su [&hellip;]<\/p>\n","protected":false},"author":4,"featured_media":61214,"comment_status":"open","ping_status":"closed","sticky":false,"template":"","format":"standard","meta":{"om_disable_all_campaigns":false,"_jetpack_memberships_contains_paid_content":false,"footnotes":""},"categories":[2,103],"tags":[],"class_list":["post-62179","post","type-post","status-publish","format-standard","has-post-thumbnail","hentry","category-locales","category-policiales-locales"],"aioseo_notices":[],"gutentor_comment":0,"jetpack_featured_media_url":"https:\/\/eldiariodesanpedro.com.ar\/sitio\/wp-content\/uploads\/2019\/10\/patrullas-policia-noche.jpg","jetpack_shortlink":"https:\/\/wp.me\/p6RhLt-gaT","jetpack_sharing_enabled":true,"_links":{"self":[{"href":"https:\/\/eldiariodesanpedro.com.ar\/sitio\/wp-json\/wp\/v2\/posts\/62179","targetHints":{"allow":["GET"]}}],"collection":[{"href":"https:\/\/eldiariodesanpedro.com.ar\/sitio\/wp-json\/wp\/v2\/posts"}],"about":[{"href":"https:\/\/eldiariodesanpedro.com.ar\/sitio\/wp-json\/wp\/v2\/types\/post"}],"author":[{"embeddable":true,"href":"https:\/\/eldiariodesanpedro.com.ar\/sitio\/wp-json\/wp\/v2\/users\/4"}],"replies":[{"embeddable":true,"href":"https:\/\/eldiariodesanpedro.com.ar\/sitio\/wp-json\/wp\/v2\/comments?post=62179"}],"version-history":[{"count":1,"href":"https:\/\/eldiariodesanpedro.com.ar\/sitio\/wp-json\/wp\/v2\/posts\/62179\/revisions"}],"predecessor-version":[{"id":62180,"href":"https:\/\/eldiariodesanpedro.com.ar\/sitio\/wp-json\/wp\/v2\/posts\/62179\/revisions\/62180"}],"wp:featuredmedia":[{"embeddable":true,"href":"https:\/\/eldiariodesanpedro.com.ar\/sitio\/wp-json\/wp\/v2\/media\/61214"}],"wp:attachment":[{"href":"https:\/\/eldiariodesanpedro.com.ar\/sitio\/wp-json\/wp\/v2\/media?parent=62179"}],"wp:term":[{"taxonomy":"category","embeddable":true,"href":"https:\/\/eldiariodesanpedro.com.ar\/sitio\/wp-json\/wp\/v2\/categories?post=62179"},{"taxonomy":"post_tag","embeddable":true,"href":"https:\/\/eldiariodesanpedro.com.ar\/sitio\/wp-json\/wp\/v2\/tags?post=62179"}],"curies":[{"name":"wp","href":"https:\/\/api.w.org\/{rel}","templated":true}]}}